{"id":1251,"date":"2021-06-17T11:20:10","date_gmt":"2021-06-17T09:20:10","guid":{"rendered":"https:\/\/stel.asu.cas.cz\/cs\/?p=1251"},"modified":"2021-10-15T09:44:35","modified_gmt":"2021-10-15T07:44:35","slug":"ztrata-hmoty-hvezdnym-vetrem-u-modrych-nadobru","status":"publish","type":"post","link":"https:\/\/stel.asu.cas.cz\/cs\/2021\/06\/17\/ztrata-hmoty-hvezdnym-vetrem-u-modrych-nadobru\/","title":{"rendered":"Ztr\u00e1ta hmoty hv\u011bzdn\u00fdm v\u011btrem u modr\u00fdch nadobr\u016f"},"content":{"rendered":"\n<p style=\"text-align: justify;\">Jak moc z\u00e1vis\u00ed p\u0159edpov\u011bzen\u00e1 m\u00edra ztr\u00e1ty hmoty hv\u011bzdn\u00fdm v\u011btrem u modr\u00fdch nadobr\u016f spektr\u00e1ln\u00ed t\u0159\u00eddy B na parametrech hv\u011bzdy a jak tyto vypo\u010dten\u00e9 hodnoty odpov\u00eddaj\u00ed pozorovan\u00fdm hv\u011bzd\u00e1m \u2013 to zaj\u00edmalo autorsk\u00fd t\u00fdm, jeho\u017e sou\u010d\u00e1st\u00ed byl Ji\u0159\u00ed Kub\u00e1t z ASU. Velmi podrobn\u00e1 studie ukazuje, \u017ee n\u011bkter\u00e1 st\u00e1dia v\u00fdvoje hmotn\u00fdch hv\u011bzd jsou st\u00e1le je\u0161t\u011b pops\u00e1na ne zcela uspokojiv\u011b, p\u0159itom charakter hv\u011bzdn\u00e9ho v\u011btru a s t\u00edm souvisej\u00edc\u00ed m\u00edra ztr\u00e1ty hmoty jsou pro dal\u0161\u00ed v\u00fdvoj hv\u011bzdy velmi d\u016fle\u017eit\u00fdmi parametry. <a href=\"http:\/\/www.asu.cas.cz\/articles\/1841\/19\/na-cem-pracujeme-ztrata-hmoty-hvezdnym-vetrem-u-modrych-nadobru\">Podrobnosti v tiskov\u00e9 zpr\u00e1v\u011b ASU.<\/a><\/p>\n","protected":false},"excerpt":{"rendered":"<p>Jak moc z\u00e1vis\u00ed p\u0159edpov\u011bzen\u00e1 m\u00edra ztr\u00e1ty hmoty hv\u011bzdn\u00fdm v\u011btrem u modr\u00fdch nadobr\u016f spektr\u00e1ln\u00ed t\u0159\u00eddy B na parametrech hv\u011bzdy a jak tyto vypo\u010dten\u00e9 hodnoty odpov\u00eddaj\u00ed pozorovan\u00fdm<\/p>\n","protected":false},"author":1,"featured_media":1488,"comment_status":"open","ping_status":"open","sticky":false,"template":"","format":"standard","meta":{"footnotes":""},"categories":[37,32],"tags":[],"class_list":["post-1251","post","type-post","status-publish","format-standard","has-post-thumbnail","hentry","category-horke-hvezdy","category-novinky"],"_links":{"self":[{"href":"https:\/\/stel.asu.cas.cz\/cs\/wp-json\/wp\/v2\/posts\/1251","targetHints":{"allow":["GET"]}}],"collection":[{"href":"https:\/\/stel.asu.cas.cz\/cs\/wp-json\/wp\/v2\/posts"}],"about":[{"href":"https:\/\/stel.asu.cas.cz\/cs\/wp-json\/wp\/v2\/types\/post"}],"author":[{"embeddable":true,"href":"https:\/\/stel.asu.cas.cz\/cs\/wp-json\/wp\/v2\/users\/1"}],"replies":[{"embeddable":true,"href":"https:\/\/stel.asu.cas.cz\/cs\/wp-json\/wp\/v2\/comments?post=1251"}],"version-history":[{"count":6,"href":"https:\/\/stel.asu.cas.cz\/cs\/wp-json\/wp\/v2\/posts\/1251\/revisions"}],"predecessor-version":[{"id":1487,"href":"https:\/\/stel.asu.cas.cz\/cs\/wp-json\/wp\/v2\/posts\/1251\/revisions\/1487"}],"wp:featuredmedia":[{"embeddable":true,"href":"https:\/\/stel.asu.cas.cz\/cs\/wp-json\/wp\/v2\/media\/1488"}],"wp:attachment":[{"href":"https:\/\/stel.asu.cas.cz\/cs\/wp-json\/wp\/v2\/media?parent=1251"}],"wp:term":[{"taxonomy":"category","embeddable":true,"href":"https:\/\/stel.asu.cas.cz\/cs\/wp-json\/wp\/v2\/categories?post=1251"},{"taxonomy":"post_tag","embeddable":true,"href":"https:\/\/stel.asu.cas.cz\/cs\/wp-json\/wp\/v2\/tags?post=1251"}],"curies":[{"name":"wp","href":"https:\/\/api.w.org\/{rel}","templated":true}]}}