{"id":1614,"date":"2021-06-30T10:25:53","date_gmt":"2021-06-30T08:25:53","guid":{"rendered":"https:\/\/stel.asu.cas.cz\/cs\/?p=1614"},"modified":"2021-10-21T15:00:35","modified_gmt":"2021-10-21T13:00:35","slug":"spoluprace-s-materskou-skolou-v-ondrejove","status":"publish","type":"post","link":"https:\/\/stel.asu.cas.cz\/cs\/2021\/06\/30\/spoluprace-s-materskou-skolou-v-ondrejove\/","title":{"rendered":"Spolupr\u00e1ce s Mate\u0159skou \u0161kolou v Ond\u0159ejov\u011b"},"content":{"rendered":"\n<p>Ond\u0159ejovsk\u00e1 hv\u011bzd\u00e1rna je nejv\u011bt\u0161\u00edm \u010desk\u00fdm pracovi\u0161t\u011bm, kter\u00e9 se zab\u00fdv\u00e1 zkoum\u00e1n\u00edm vesm\u00edru. Ond\u0159ejov je tak ide\u00e1ln\u00ed m\u00edsto pro z\u00edsk\u00e1v\u00e1n\u00ed budouc\u00edch generac\u00ed student\u016f a studentek astronomie. Ji\u017e n\u011bkolik let existuje spolupr\u00e1ce hv\u011bzd\u00e1rny a jej\u00edch zam\u011bstnanc\u016f s Mate\u0159skou \u0161kolou Ond\u0159ejov. Posledn\u00ed dva roky jsme se rozhodli, \u017ee krom\u011b pov\u00edd\u00e1n\u00ed s p\u0159ed\u0161kol\u00e1ky o vesm\u00edru, kter\u00e9ho se ujal Pavel Suchan, budeme v d\u011btech probouzet vztah k oboru, formou projekt\u016f na vybran\u00e9 t\u00e9ma. V r\u00e1mci programu ERASMUS+, kter\u00fd prob\u00edh\u00e1 na hv\u011bzd\u00e1rn\u011b, jsme v roce 2019 vymysleli t\u00e9ma, kter\u00e9 se t\u00fdk\u00e1 exoplanet a \u017eivota ve vesm\u00edru. Vedouc\u00edm projektu na Stel\u00e1rn\u00edm odd\u011blen\u00ed je Petr Kab\u00e1th.<\/p>\n\n\n\n<p>V\u00edce informac\u00ed naleznete <a href=\"http:\/\/erasmus.asu.cas.cz\/spoluprace_ms.html\" target=\"_blank\" rel=\"noreferrer noopener\">na samostatn\u00fdch str\u00e1nk\u00e1ch projektu<\/a>.<\/p>\n","protected":false},"excerpt":{"rendered":"<p>Ond\u0159ejovsk\u00e1 hv\u011bzd\u00e1rna je nejv\u011bt\u0161\u00edm \u010desk\u00fdm pracovi\u0161t\u011bm, kter\u00e9 se zab\u00fdv\u00e1 zkoum\u00e1n\u00edm vesm\u00edru. Ond\u0159ejov je tak ide\u00e1ln\u00ed m\u00edsto pro z\u00edsk\u00e1v\u00e1n\u00ed budouc\u00edch generac\u00ed student\u016f a studentek astronomie. Ji\u017e<\/p>\n","protected":false},"author":1,"featured_media":1615,"comment_status":"closed","ping_status":"closed","sticky":false,"template":"","format":"standard","meta":{"footnotes":""},"categories":[32,36,35],"tags":[],"class_list":["post-1614","post","type-post","status-publish","format-standard","has-post-thumbnail","hentry","category-novinky","category-oddeleni","category-popularizace"],"_links":{"self":[{"href":"https:\/\/stel.asu.cas.cz\/cs\/wp-json\/wp\/v2\/posts\/1614","targetHints":{"allow":["GET"]}}],"collection":[{"href":"https:\/\/stel.asu.cas.cz\/cs\/wp-json\/wp\/v2\/posts"}],"about":[{"href":"https:\/\/stel.asu.cas.cz\/cs\/wp-json\/wp\/v2\/types\/post"}],"author":[{"embeddable":true,"href":"https:\/\/stel.asu.cas.cz\/cs\/wp-json\/wp\/v2\/users\/1"}],"replies":[{"embeddable":true,"href":"https:\/\/stel.asu.cas.cz\/cs\/wp-json\/wp\/v2\/comments?post=1614"}],"version-history":[{"count":2,"href":"https:\/\/stel.asu.cas.cz\/cs\/wp-json\/wp\/v2\/posts\/1614\/revisions"}],"predecessor-version":[{"id":1617,"href":"https:\/\/stel.asu.cas.cz\/cs\/wp-json\/wp\/v2\/posts\/1614\/revisions\/1617"}],"wp:featuredmedia":[{"embeddable":true,"href":"https:\/\/stel.asu.cas.cz\/cs\/wp-json\/wp\/v2\/media\/1615"}],"wp:attachment":[{"href":"https:\/\/stel.asu.cas.cz\/cs\/wp-json\/wp\/v2\/media?parent=1614"}],"wp:term":[{"taxonomy":"category","embeddable":true,"href":"https:\/\/stel.asu.cas.cz\/cs\/wp-json\/wp\/v2\/categories?post=1614"},{"taxonomy":"post_tag","embeddable":true,"href":"https:\/\/stel.asu.cas.cz\/cs\/wp-json\/wp\/v2\/tags?post=1614"}],"curies":[{"name":"wp","href":"https:\/\/api.w.org\/{rel}","templated":true}]}}