{"id":1640,"date":"2021-11-11T09:44:07","date_gmt":"2021-11-11T08:44:07","guid":{"rendered":"https:\/\/stel.asu.cas.cz\/cs\/?p=1640"},"modified":"2021-11-11T09:45:25","modified_gmt":"2021-11-11T08:45:25","slug":"dlouhodoba-aktivita-intermedialnich-polaru","status":"publish","type":"post","link":"https:\/\/stel.asu.cas.cz\/cs\/2021\/11\/11\/dlouhodoba-aktivita-intermedialnich-polaru\/","title":{"rendered":"Dlouhodob\u00e1 aktivita intermedi\u00e1ln\u00edch polar\u016f"},"content":{"rendered":"\n<p>V. \u0160imon ze Stel\u00e1rn\u00edho odd\u011blen\u00ed ASU ve sv\u00e9m \u010dl\u00e1nku pod\u00e1v\u00e1 podrobnou zpr\u00e1vu o dlouhodob\u00e9m v\u00fdvoji jasnosti p\u011bti p\u0159echodn\u00fdch polar\u016f. Na tomto vzorku ukazuje, \u017ee p\u0159echodn\u00e9 polary maj\u00ed velmi \u0161irok\u00fd rozsah optick\u00e9 sv\u00edtivosti. Z dlouhodob\u00e9ho hlediska vykazuj\u00ed jejich sv\u011bteln\u00e9 k\u0159ivky mnoh\u00e9 nespojit\u00e9 jevy \u2013 vzplanut\u00ed, zjasn\u011bn\u00ed, p\u0159echody mezi vysok\u00fdmi a n\u00edzk\u00fdmi stavy jasnosti. Spole\u010dn\u00fdm jmenovatelem t\u011bchto zm\u011bn je mno\u017estv\u00ed hmoty p\u0159en\u00e1\u0161en\u00e9 mezi d\u00e1rcovskou a p\u0159ij\u00edmaj\u00edc\u00ed hv\u011bzdou, kter\u00e9 tvo\u0159\u00ed t\u011bsn\u00fd dvojhv\u011bzdn\u00fd syst\u00e9m.<\/p>\n\n\n\n<ul class=\"wp-block-list\"><li>podrobnosti naleznete v Novince ASU: <a rel=\"noreferrer noopener\" href=\"http:\/\/www.asu.cas.cz\/articles\/1866\/19\/na-cem-pracujeme-dlouhodoba-aktivita-intermedialnich-polaru\" data-type=\"URL\" data-id=\"http:\/\/www.asu.cas.cz\/articles\/1866\/19\/na-cem-pracujeme-dlouhodoba-aktivita-intermedialnich-polaru\" target=\"_blank\">Na \u010dem pracujeme: Dlouhodob\u00e1 aktivita intermedi\u00e1ln\u00edch polar\u016f<\/a><\/li><li>v\u011bdeck\u00fd \u010dl\u00e1nek: V. \u0160imon, <em>A study of the long-term activity of five intermediate polars with accretion discs<\/em>, Monthly Notices of the Royal Astronomical Society 505 (2021) <a rel=\"noreferrer noopener\" href=\"https:\/\/ui.adsabs.harvard.edu\/abs\/2021MNRAS.505..161S\/abstract\" target=\"_blank\">pp.161-171<\/a>.<\/li><li>kontakt: <a href=\"https:\/\/stel.asu.cas.cz\/cs\/astrofyzika-vysokych-energii\/lide\/#simon\">RNDr. Vojt\u011bch \u0160imon, Ph.D.<\/a><\/li><\/ul>\n\n\n\n<p><\/p>\n","protected":false},"excerpt":{"rendered":"<p>V. \u0160imon ze Stel\u00e1rn\u00edho odd\u011blen\u00ed ASU ve sv\u00e9m \u010dl\u00e1nku pod\u00e1v\u00e1 podrobnou zpr\u00e1vu o dlouhodob\u00e9m v\u00fdvoji jasnosti p\u011bti p\u0159echodn\u00fdch polar\u016f. Na tomto vzorku ukazuje, \u017ee p\u0159echodn\u00e9<\/p>\n","protected":false},"author":1,"featured_media":1641,"comment_status":"closed","ping_status":"closed","sticky":false,"template":"","format":"standard","meta":{"footnotes":""},"categories":[32,39],"tags":[],"class_list":["post-1640","post","type-post","status-publish","format-standard","has-post-thumbnail","hentry","category-novinky","category-vysoke-energie"],"_links":{"self":[{"href":"https:\/\/stel.asu.cas.cz\/cs\/wp-json\/wp\/v2\/posts\/1640","targetHints":{"allow":["GET"]}}],"collection":[{"href":"https:\/\/stel.asu.cas.cz\/cs\/wp-json\/wp\/v2\/posts"}],"about":[{"href":"https:\/\/stel.asu.cas.cz\/cs\/wp-json\/wp\/v2\/types\/post"}],"author":[{"embeddable":true,"href":"https:\/\/stel.asu.cas.cz\/cs\/wp-json\/wp\/v2\/users\/1"}],"replies":[{"embeddable":true,"href":"https:\/\/stel.asu.cas.cz\/cs\/wp-json\/wp\/v2\/comments?post=1640"}],"version-history":[{"count":2,"href":"https:\/\/stel.asu.cas.cz\/cs\/wp-json\/wp\/v2\/posts\/1640\/revisions"}],"predecessor-version":[{"id":1643,"href":"https:\/\/stel.asu.cas.cz\/cs\/wp-json\/wp\/v2\/posts\/1640\/revisions\/1643"}],"wp:featuredmedia":[{"embeddable":true,"href":"https:\/\/stel.asu.cas.cz\/cs\/wp-json\/wp\/v2\/media\/1641"}],"wp:attachment":[{"href":"https:\/\/stel.asu.cas.cz\/cs\/wp-json\/wp\/v2\/media?parent=1640"}],"wp:term":[{"taxonomy":"category","embeddable":true,"href":"https:\/\/stel.asu.cas.cz\/cs\/wp-json\/wp\/v2\/categories?post=1640"},{"taxonomy":"post_tag","embeddable":true,"href":"https:\/\/stel.asu.cas.cz\/cs\/wp-json\/wp\/v2\/tags?post=1640"}],"curies":[{"name":"wp","href":"https:\/\/api.w.org\/{rel}","templated":true}]}}