{"id":1965,"date":"2022-01-13T14:20:13","date_gmt":"2022-01-13T13:20:13","guid":{"rendered":"https:\/\/stel.asu.cas.cz\/cs\/?p=1965"},"modified":"2022-01-19T15:51:22","modified_gmt":"2022-01-19T14:51:22","slug":"v-praze-se-konal-seminar-k-450-vyroci-narozeni-jana-keplera","status":"publish","type":"post","link":"https:\/\/stel.asu.cas.cz\/cs\/2022\/01\/13\/v-praze-se-konal-seminar-k-450-vyroci-narozeni-jana-keplera\/","title":{"rendered":"V Praze se konal semin\u00e1\u0159 k 450. v\u00fdro\u010d\u00ed narozen\u00ed Jana Keplera"},"content":{"rendered":"\n<p><p style=\"text-align: justify;\">V pond\u011bl\u00ed 10. ledna se na Gymn\u00e1ziu Jana Keplera v Praze konal semin\u00e1\u0159 k 450. v\u00fdro\u010d\u00ed narozen\u00ed tohoto astronoma, a sou\u010dasn\u011b i k 50. v\u00fdro\u010d\u00ed pojmenov\u00e1n\u00ed gymn\u00e1zia Keplerov\u00fdm jm\u00e9nem (1971). Johannes Kepler se sice narodil 27. prosince 1571, ale term\u00edn semin\u00e1\u0159e byl stanoven na 10. ledna, proto\u017ee mezi sv\u00e1tky by se \u0159ada host\u016f nemohla z\u00fa\u010dastnit.<\/p>\n\n\n\n<p><p style=\"text-align: justify;\">Semin\u00e1\u0159 se konal pod z\u00e1\u0161titou Jednoty \u010desk\u00fdch matematik\u016f a fyzik\u016f. Mezi \u0159e\u010dn\u00edky pat\u0159ili mimo jin\u00e9 i prorektor UK prof. Jan Royt (\u00dastav d\u011bji um\u011bn\u00ed FF UK), p\u0159edsedkyn\u011b Jednoty \u010desk\u00fdch matematik\u016f a fyzik\u016f doc. Alena \u0160olcov\u00e1 a \u0159editelka Hv\u011bzd\u00e1rny a planet\u00e1ria v \u010cesk\u00fdch Bud\u011bjovic\u00edch ing. Jana Tich\u00e1. Mezi hosty byli b\u00fdval\u00fd dlouholet\u00fd \u0159editel Gymn\u00e1zia Jana Keplera a nyn\u011bj\u0161\u00ed sen\u00e1tor Ji\u0159\u00ed R\u016f\u017ei\u010dka a sou\u010dasn\u00e1 \u0159editelka GJK Ivana Landsingerov\u00e1.<\/p>\n\n\n\n<p><p style=\"text-align: justify;\">Johannes Kepler bydlel v roce 1601 v dom\u011b Jakuba Kurze ze Senftenavy, kter\u00fd se nach\u00e1zel v m\u00edstech, kde dnes stoj\u00ed budovy Gymn\u00e1zia Jana Keplera. D\u016fm byl zbo\u0159en v 18. stolet\u00ed b\u011bhem terezi\u00e1nsk\u00fdch p\u0159estaveb Prahy. V dom\u011b Jakuba Kurze ze Seftenavy bydlel Kepler jako asistent a spolupracovn\u00edk Tychona Brahe. Bohu\u017eel spolupr\u00e1ce obou astronom\u016f skon\u010dila po kr\u00e1tk\u00e9 dob\u011b Tychonovou smrt\u00ed. Kepler v\u0161ak z\u016fstal v Praze a\u017e do roku 1612. Pr\u00e1v\u011b v Praze objevil prvn\u00ed dva z\u00e1kony pohybu planet, publikoval je v knize Nov\u00e1 astronomie, kter\u00e1 vy\u0161la pr\u00e1v\u011b v Praze v roce 1609. T\u0159et\u00ed z\u00e1kon (tzv. z\u00e1kon harmonick\u00fd) publikoval v roce 1619 v Linci.<\/p>\n\n\n\n<p><p style=\"text-align: justify;\">Semin\u00e1\u0159 p\u0159ipomenul Keplerovo d\u00edlo, samoz\u0159ejm\u011b v\u010detn\u011b z\u00e1kon\u016f pohybu planet, ale i m\u00e9n\u011b zn\u00e1m\u00e9 v\u00fdsledky (nap\u0159\u00edklad Kepler\u016fv p\u0159\u00edsp\u011bvek ke kombinatorice a uspo\u0159\u00e1d\u00e1n\u00ed). Dal\u0161\u00ed p\u0159\u00edsp\u011bvky p\u0159edstavily i Kepler\u016fv vztah k pra\u017esk\u00e9 univerzit\u011b, k rudolf\u00ednsk\u00e9 Praze a kulturn\u00edmu prost\u0159ed\u00ed na dvo\u0159e c\u00edsa\u0159e Rudolfa II. Celkem se na semin\u00e1\u0159i vyst\u0159\u00eddalo 9 \u0159e\u010dn\u00edk\u016f.<\/p>\n\n\n\n<figure class=\"wp-block-image size-large\"><a href=\"https:\/\/stel.asu.cas.cz\/cs\/wp-content\/uploads\/2022\/01\/IMG_20220110_183054web.jpg\"><img loading=\"lazy\" decoding=\"async\" width=\"1024\" height=\"461\" src=\"https:\/\/stel.asu.cas.cz\/cs\/wp-content\/uploads\/2022\/01\/IMG_20220110_183054web-1024x461.jpg\" alt=\"\" class=\"wp-image-1967\" srcset=\"https:\/\/stel.asu.cas.cz\/cs\/wp-content\/uploads\/2022\/01\/IMG_20220110_183054web-1024x461.jpg 1024w, https:\/\/stel.asu.cas.cz\/cs\/wp-content\/uploads\/2022\/01\/IMG_20220110_183054web-300x135.jpg 300w, https:\/\/stel.asu.cas.cz\/cs\/wp-content\/uploads\/2022\/01\/IMG_20220110_183054web-768x346.jpg 768w, https:\/\/stel.asu.cas.cz\/cs\/wp-content\/uploads\/2022\/01\/IMG_20220110_183054web-18x8.jpg 18w, https:\/\/stel.asu.cas.cz\/cs\/wp-content\/uploads\/2022\/01\/IMG_20220110_183054web-24x11.jpg 24w, https:\/\/stel.asu.cas.cz\/cs\/wp-content\/uploads\/2022\/01\/IMG_20220110_183054web-36x16.jpg 36w, https:\/\/stel.asu.cas.cz\/cs\/wp-content\/uploads\/2022\/01\/IMG_20220110_183054web.jpg 1200w\" sizes=\"auto, (max-width: 1024px) 100vw, 1024px\" \/><\/a><figcaption>P\u0159edn\u00e1\u0161\u00ed Miroslav \u0160lechta. Foto: P. Suchan <\/figcaption><\/figure>\n\n\n\n<p><p style=\"text-align: justify;\">M. \u0160lechta ze stel\u00e1rn\u00edho odd\u011blen\u00ed As\u00da AV \u010cR ve sv\u00e9m p\u0159\u00edsp\u011bvku diskutoval (zd\u00e1nliv\u011b nesouvisej\u00edc\u00ed) spojen\u00ed Johanna Keplera s modern\u00edm v\u00fdzkumem exoplanet. Av\u0161ak pr\u00e1v\u011b z Keplerov\u00fdch z\u00e1kon\u016f pohybu planet a z Galileiho fyzik\u00e1ln\u00edch v\u00fdzkum\u016f vypl\u00fdv\u00e1 Newton\u016fv gravita\u010dn\u00ed z\u00e1kon, kter\u00fd se vyu\u017e\u00edv\u00e1 k v\u00fdzkumu pohybu nebesk\u00fdch t\u011bles, a\u0165 dvojhv\u011bzd a v\u00edcen\u00e1sobn\u00fdch syst\u00e9m\u016f, tak exoplanet.<\/p>\n\n\n\n<figure class=\"wp-block-image size-large\"><a href=\"https:\/\/stel.asu.cas.cz\/cs\/wp-content\/uploads\/2022\/01\/IMG_20220110_184158web.jpg\"><img loading=\"lazy\" decoding=\"async\" width=\"1024\" height=\"461\" src=\"https:\/\/stel.asu.cas.cz\/cs\/wp-content\/uploads\/2022\/01\/IMG_20220110_184158web-1024x461.jpg\" alt=\"\" class=\"wp-image-1968\" srcset=\"https:\/\/stel.asu.cas.cz\/cs\/wp-content\/uploads\/2022\/01\/IMG_20220110_184158web-1024x461.jpg 1024w, https:\/\/stel.asu.cas.cz\/cs\/wp-content\/uploads\/2022\/01\/IMG_20220110_184158web-300x135.jpg 300w, https:\/\/stel.asu.cas.cz\/cs\/wp-content\/uploads\/2022\/01\/IMG_20220110_184158web-768x346.jpg 768w, https:\/\/stel.asu.cas.cz\/cs\/wp-content\/uploads\/2022\/01\/IMG_20220110_184158web-18x8.jpg 18w, https:\/\/stel.asu.cas.cz\/cs\/wp-content\/uploads\/2022\/01\/IMG_20220110_184158web-24x11.jpg 24w, https:\/\/stel.asu.cas.cz\/cs\/wp-content\/uploads\/2022\/01\/IMG_20220110_184158web-36x16.jpg 36w, https:\/\/stel.asu.cas.cz\/cs\/wp-content\/uploads\/2022\/01\/IMG_20220110_184158web.jpg 1200w\" sizes=\"auto, (max-width: 1024px) 100vw, 1024px\" \/><\/a><figcaption>P\u0159edn\u00e1\u0161\u00ed Miroslav \u0160lechta. Foto: P. Suchan<\/figcaption><\/figure>\n\n\n\n<p><p style=\"text-align: justify;\">Sou\u010d\u00e1st\u00ed prezentace bylo i stru\u010dn\u00e9 p\u0159edstaven\u00ed pracovn\u00ed skupiny pro v\u00fdzkum exoplanet, kter\u00e1 pracuje na stel\u00e1rn\u00edm odd\u011blen\u00ed As\u00da, a metod, je\u017e k v\u00fdzkumu pou\u017e\u00edv\u00e1 (nap\u0159. spektroskopick\u00e1 m\u011b\u0159en\u00ed radi\u00e1ln\u00edch rychlost\u00ed). P\u0159edn\u00e1\u0161ka M. \u0160lechty mimo jin\u00e9 uk\u00e1zala, \u017ee astronomick\u00e9 v\u00fdsledky mohou nal\u00e9zt aplikaci v ne\u010dekan\u00fdch souvislostech a n\u011bkdy i s velkou \u010dasovou prodlevou, t\u0159eba i p\u0159es n\u011bkolik stalet\u00ed.<\/p>\n\n\n\n<p><p style=\"text-align: justify;\">V pr\u016fb\u011bhu semin\u00e1\u0159e, krom\u011b p\u0159edn\u00e1\u0161ek, tak\u00e9 p\u0159edsedkyn\u011b J\u010cMF Alena \u0160olcov\u00e1 p\u0159edala \u0159editelce GJK plaketu s reli\u00e9fem Jana Keplera, spole\u010dn\u011b s Janou Tichou p\u0159edaly GJK potvrzen\u00ed o pojmenov\u00e1n\u00ed planetky \u010d. 161230 Martinbach\u00e1\u010dek (rektor univerzity, p\u0159\u00edtel a podporovatel Jana Keplera). Rovn\u011b\u017e byly p\u0159ed\u00e1ny medaile \u00fasp\u011b\u0161n\u00fdm \u0159e\u0161itel\u016fm matematick\u00e9 olympi\u00e1dy (zpo\u017ed\u011bn\u00ed bylo d\u00e1no epidemi\u00ed covidu). T\u0159i z ocen\u011bn\u00fdch \u0159e\u0161itel\u016f jsou studenty GJK.<\/p>\n","protected":false},"excerpt":{"rendered":"<p>V pond\u011bl\u00ed 10. ledna se na Gymn\u00e1ziu Jana Keplera v Praze konal semin\u00e1\u0159 k 450. v\u00fdro\u010d\u00ed narozen\u00ed tohoto astronoma, a sou\u010dasn\u011b i k 50. v\u00fdro\u010d\u00ed<\/p>\n","protected":false},"author":1,"featured_media":1966,"comment_status":"closed","ping_status":"closed","sticky":false,"template":"","format":"standard","meta":{"footnotes":""},"categories":[32,36,35],"tags":[],"class_list":["post-1965","post","type-post","status-publish","format-standard","has-post-thumbnail","hentry","category-novinky","category-oddeleni","category-popularizace"],"_links":{"self":[{"href":"https:\/\/stel.asu.cas.cz\/cs\/wp-json\/wp\/v2\/posts\/1965","targetHints":{"allow":["GET"]}}],"collection":[{"href":"https:\/\/stel.asu.cas.cz\/cs\/wp-json\/wp\/v2\/posts"}],"about":[{"href":"https:\/\/stel.asu.cas.cz\/cs\/wp-json\/wp\/v2\/types\/post"}],"author":[{"embeddable":true,"href":"https:\/\/stel.asu.cas.cz\/cs\/wp-json\/wp\/v2\/users\/1"}],"replies":[{"embeddable":true,"href":"https:\/\/stel.asu.cas.cz\/cs\/wp-json\/wp\/v2\/comments?post=1965"}],"version-history":[{"count":6,"href":"https:\/\/stel.asu.cas.cz\/cs\/wp-json\/wp\/v2\/posts\/1965\/revisions"}],"predecessor-version":[{"id":1986,"href":"https:\/\/stel.asu.cas.cz\/cs\/wp-json\/wp\/v2\/posts\/1965\/revisions\/1986"}],"wp:featuredmedia":[{"embeddable":true,"href":"https:\/\/stel.asu.cas.cz\/cs\/wp-json\/wp\/v2\/media\/1966"}],"wp:attachment":[{"href":"https:\/\/stel.asu.cas.cz\/cs\/wp-json\/wp\/v2\/media?parent=1965"}],"wp:term":[{"taxonomy":"category","embeddable":true,"href":"https:\/\/stel.asu.cas.cz\/cs\/wp-json\/wp\/v2\/categories?post=1965"},{"taxonomy":"post_tag","embeddable":true,"href":"https:\/\/stel.asu.cas.cz\/cs\/wp-json\/wp\/v2\/tags?post=1965"}],"curies":[{"name":"wp","href":"https:\/\/api.w.org\/{rel}","templated":true}]}}