{"id":2011,"date":"2022-01-26T15:48:31","date_gmt":"2022-01-26T14:48:31","guid":{"rendered":"https:\/\/stel.asu.cas.cz\/cs\/?p=2011"},"modified":"2022-01-27T09:43:20","modified_gmt":"2022-01-27T08:43:20","slug":"dalsi-priprava-mise-plato-dostala-zelenou","status":"publish","type":"post","link":"https:\/\/stel.asu.cas.cz\/cs\/2022\/01\/26\/dalsi-priprava-mise-plato-dostala-zelenou\/","title":{"rendered":"Dal\u0161\u00ed p\u0159\u00edprava mise Plato dostala zelenou"},"content":{"rendered":"\n<p><p style=\"text-align: justify;\">Ka\u017ed\u00e9 kosmick\u00e9 za\u0159\u00edzen\u00ed p\u0159ipravovan\u00e9 v r\u00e1mci projekt\u016f Evropsk\u00e9 kosmick\u00e9 agentury (ESA) proch\u00e1z\u00ed kontroln\u00edmi audity. V\u00fdjimkou nen\u00ed ani mise PLATO ur\u010den\u00e1 k p\u00e1tr\u00e1n\u00ed po extrasol\u00e1rn\u00edch planet\u00e1ch podobn\u00fdch Zemi. Revize stavu projektu v tomto p\u0159\u00edpad\u011b prob\u00edhala v obdob\u00ed mezi \u010dervencem a prosincem 2021. Hodnot\u00edc\u00ed t\u00fdmy slo\u017een\u00e9 z v\u00edce ne\u017e 100 odborn\u00edk\u016f na r\u016fzn\u00e9 aspekty mise byly rozd\u011bleny do dvou panel\u016f &#8211; jeden pro raketu (nosi\u010d) a druh\u00fd pro u\u017eite\u010dn\u00e9 zat\u00ed\u017een\u00ed. Z\u00e1v\u011bry ESA ozn\u00e1mila 11. ledna 2022. Podle komise je v\u0161e v po\u0159\u00e1dku a s p\u0159\u00edpravou mise Plato lze pokra\u010dovat.<\/p>\n\n\n\n<ul class=\"wp-block-list\"><li><a rel=\"noreferrer noopener\" href=\"http:\/\/www.asu.cas.cz\/articles\/1909\/19\/mise-na-hledani-druhe-zeme-dostala-zelenou-pro-dalsi-pripravu\" target=\"_blank\">novinka ASU<\/a><\/li><li><a rel=\"noreferrer noopener\" href=\"https:\/\/www.esa.int\/Science_Exploration\/Space_Science\/Plato_exoplanet_mission_gets_green_light_for_next_phase\" target=\"_blank\">podrobnosti v angli\u010dtin\u011b (esa.int)<\/a><\/li><\/ul>\n\n\n\n<p><p style=\"text-align: justify;\">Na misi PLATO se pod\u00edl\u00ed tak\u00e9 skupina v\u00fdzkumu exoplanet Stel\u00e1rn\u00edho odd\u011blen\u00ed Astronomick\u00e9ho \u00fastavu AV \u010cR, kter\u00e1 se v r\u00e1mci projektu <a href=\"https:\/\/stel.asu.cas.cz\/platospec\/\" target=\"_blank\" rel=\"noreferrer noopener\">PLATOSpec<\/a> rekonstruuje dalekohled s prim\u00e1rn\u00edm zrcadlem o pr\u016fm\u011bru 1,5 m na Obesrvato\u0159i ESO La Silla v Chile. Ten bude slou\u017eit jako jeden z podp\u016frn\u00fdch pozemn\u00edch teleskop\u016f mise PLATO.<\/p>\n\n\n\n<p><p style=\"text-align: justify;\">Zaj\u00edmavosti o tom, jak tento dalekohled pom\u016f\u017ee s v\u00fdzkumem extrasol\u00e1rn\u00edch planet, si m\u016f\u017eete poslechnout v prvn\u00edm leto\u0161n\u00e9m d\u00edlu seri\u00e1lu <strong>Czech Space News Podcast<\/strong>. Na ot\u00e1zky Vojt\u011bcha Kovala a Jana Spratka odpov\u00edd\u00e1 vedouc\u00ed skupiny exoplanet Stel\u00e1rn\u00edho odd\u011blen\u00ed ASU Petr Kab\u00e1th.<\/p>\n\n\n\n<ul class=\"wp-block-list\"><li><a rel=\"noreferrer noopener\" href=\"http:\/\/www.asu.cas.cz\/articles\/1908\/19\/jak-se-hledaji-exoplanety\" target=\"_blank\">novinka ASU<\/a><\/li><li><a rel=\"noreferrer noopener\" href=\"https:\/\/www.youtube.com\/watch?v=u1tIDLjLcck\" target=\"_blank\">video Czech Space News Podcast<\/a><\/li><\/ul>\n\n\n\n<figure class=\"wp-block-embed is-type-video is-provider-youtube wp-block-embed-youtube wp-embed-aspect-16-9 wp-has-aspect-ratio\"><div class=\"wp-block-embed__wrapper\">\n<iframe loading=\"lazy\" title=\"Czech Space News podcast #11 \u2013\u2060 Petr Kab\u00e1th\" width=\"640\" height=\"360\" src=\"https:\/\/www.youtube.com\/embed\/u1tIDLjLcck?feature=oembed\" frameborder=\"0\" allow=\"accelerometer; autoplay; clipboard-write; encrypted-media; gyroscope; picture-in-picture; web-share\" referrerpolicy=\"strict-origin-when-cross-origin\" allowfullscreen><\/iframe>\n<\/div><\/figure>\n","protected":false},"excerpt":{"rendered":"<p>Ka\u017ed\u00e9 kosmick\u00e9 za\u0159\u00edzen\u00ed p\u0159ipravovan\u00e9 v r\u00e1mci projekt\u016f Evropsk\u00e9 kosmick\u00e9 agentury (ESA) proch\u00e1z\u00ed kontroln\u00edmi audity. V\u00fdjimkou nen\u00ed ani mise PLATO ur\u010den\u00e1 k p\u00e1tr\u00e1n\u00ed po extrasol\u00e1rn\u00edch planet\u00e1ch<\/p>\n","protected":false},"author":1,"featured_media":2015,"comment_status":"closed","ping_status":"closed","sticky":false,"template":"","format":"standard","meta":{"footnotes":""},"categories":[38,32],"tags":[],"class_list":["post-2011","post","type-post","status-publish","format-standard","has-post-thumbnail","hentry","category-exoplanety","category-novinky"],"_links":{"self":[{"href":"https:\/\/stel.asu.cas.cz\/cs\/wp-json\/wp\/v2\/posts\/2011","targetHints":{"allow":["GET"]}}],"collection":[{"href":"https:\/\/stel.asu.cas.cz\/cs\/wp-json\/wp\/v2\/posts"}],"about":[{"href":"https:\/\/stel.asu.cas.cz\/cs\/wp-json\/wp\/v2\/types\/post"}],"author":[{"embeddable":true,"href":"https:\/\/stel.asu.cas.cz\/cs\/wp-json\/wp\/v2\/users\/1"}],"replies":[{"embeddable":true,"href":"https:\/\/stel.asu.cas.cz\/cs\/wp-json\/wp\/v2\/comments?post=2011"}],"version-history":[{"count":3,"href":"https:\/\/stel.asu.cas.cz\/cs\/wp-json\/wp\/v2\/posts\/2011\/revisions"}],"predecessor-version":[{"id":2016,"href":"https:\/\/stel.asu.cas.cz\/cs\/wp-json\/wp\/v2\/posts\/2011\/revisions\/2016"}],"wp:featuredmedia":[{"embeddable":true,"href":"https:\/\/stel.asu.cas.cz\/cs\/wp-json\/wp\/v2\/media\/2015"}],"wp:attachment":[{"href":"https:\/\/stel.asu.cas.cz\/cs\/wp-json\/wp\/v2\/media?parent=2011"}],"wp:term":[{"taxonomy":"category","embeddable":true,"href":"https:\/\/stel.asu.cas.cz\/cs\/wp-json\/wp\/v2\/categories?post=2011"},{"taxonomy":"post_tag","embeddable":true,"href":"https:\/\/stel.asu.cas.cz\/cs\/wp-json\/wp\/v2\/tags?post=2011"}],"curies":[{"name":"wp","href":"https:\/\/api.w.org\/{rel}","templated":true}]}}