{"id":2208,"date":"2022-04-12T14:36:03","date_gmt":"2022-04-12T12:36:03","guid":{"rendered":"https:\/\/stel.asu.cas.cz\/cs\/?p=2208"},"modified":"2025-10-14T13:31:05","modified_gmt":"2025-10-14T11:31:05","slug":"dalekohled-e152-v-ceskem-uzivani","status":"publish","type":"post","link":"https:\/\/stel.asu.cas.cz\/cs\/2022\/04\/12\/dalekohled-e152-v-ceskem-uzivani\/","title":{"rendered":"Dalekohled E152 v\u00a0chilsk\u00e9 pou\u0161ti Atacama p\u0159ech\u00e1z\u00ed do \u010desk\u00e9ho u\u017e\u00edv\u00e1n\u00ed"},"content":{"rendered":"\n<p><strong>PLATOSpec<\/strong> &#8211; takov\u00e9 je ozna\u010den\u00ed nov\u00e9ho spektrografu, kter\u00fd bude instalov\u00e1n na dalekohledu <strong>E152 <\/strong>na observato\u0159i <strong>La Silla<\/strong> v Chile. Spektrograf bude zejm\u00e9na hledat nov\u00e9 exoplanety v sou\u010dinnosti s vesm\u00edrn\u00fdmi misemi Evropsk\u00e9 kosmick\u00e9 agentury <strong>TESS<\/strong> a <strong>PLATO<\/strong>, ale tak\u00e9 se zasad\u00ed o nov\u00e9 objevy na poli hv\u011bzdn\u00e9 astronomie. PLATOSpec bude pln\u011b funk\u010dn\u00ed ve druh\u00e9 polovin\u011b roku 2023. Nyn\u00ed prob\u00edh\u00e1 zprovoz\u0148ov\u00e1n\u00ed dalekohledu E152, kter\u00fd se t\u00e9m\u011b\u0159 dvacet rok\u016f nepou\u017e\u00edval a p\u0159itom m\u00e1 vhodn\u00e9 parametry. Pr\u00e1ce prob\u00edhaj\u00ed tak\u00e9 na p\u0159edch\u016fdci spektrografu PLATOSpec, kter\u00fd je na dalekohledu.<\/p>\n\n\n\n<p>Astronomick\u00fd \u00fastav AV \u010cR je vedouc\u00edm pracovi\u0161t\u011bm, kter\u00e9 se pod\u00edl\u00ed na zprovozn\u011bn\u00ed dalekohledu. Nyn\u00ed se uzav\u00edr\u00e1 prvn\u00ed f\u00e1ze projektu, tedy \u00fasp\u011b\u0161n\u00e1 modernizace dalekohledu E152, kterou 8. dubna 2022 dokon\u010dila \u010desk\u00e1 firma <strong>ProjectSoft HK, a.s.<\/strong> p\u0159\u00edmo na observato\u0159i La Silla. Dalekohled E152 je jeden z prvn\u00edch dalekohled\u016f, kter\u00e9 byly na observato\u0159i La Silla instalov\u00e1ny v druh\u00e9 polovin\u011b 60. let 20. stoleti. E152 se pod\u00edlel na katalogizaci n\u011bkolika des\u00edtek tis\u00edc hv\u011bzd na\u0161\u00ed galaxie a spoust\u011b dal\u0161\u00edch objev\u016f a\u017e do sv\u00e9ho odstaven\u00ed z provozu v roce 2003.<\/p>\n\n\n\n<figure class=\"wp-block-image size-large\"><img loading=\"lazy\" decoding=\"async\" width=\"1024\" height=\"684\" src=\"https:\/\/stel.asu.cas.cz\/cs\/wp-content\/uploads\/2022\/04\/hot-e152-bza6784-bardon22-1024x684.jpg\" alt=\"\" class=\"wp-image-2210\" srcset=\"https:\/\/stel.asu.cas.cz\/cs\/wp-content\/uploads\/2022\/04\/hot-e152-bza6784-bardon22-1024x684.jpg 1024w, https:\/\/stel.asu.cas.cz\/cs\/wp-content\/uploads\/2022\/04\/hot-e152-bza6784-bardon22-300x201.jpg 300w, https:\/\/stel.asu.cas.cz\/cs\/wp-content\/uploads\/2022\/04\/hot-e152-bza6784-bardon22-768x513.jpg 768w, https:\/\/stel.asu.cas.cz\/cs\/wp-content\/uploads\/2022\/04\/hot-e152-bza6784-bardon22-18x12.jpg 18w, https:\/\/stel.asu.cas.cz\/cs\/wp-content\/uploads\/2022\/04\/hot-e152-bza6784-bardon22-24x16.jpg 24w, https:\/\/stel.asu.cas.cz\/cs\/wp-content\/uploads\/2022\/04\/hot-e152-bza6784-bardon22-36x24.jpg 36w, https:\/\/stel.asu.cas.cz\/cs\/wp-content\/uploads\/2022\/04\/hot-e152-bza6784-bardon22.jpg 1200w\" sizes=\"auto, (max-width: 1024px) 100vw, 1024px\" \/><figcaption class=\"wp-element-caption\">Pohled na dalekohled E152. Foto: Z. Bardon<\/figcaption><\/figure>\n\n\n\n<p>V roce 2019 bylo rozhodnuto, \u017ee tento dalekohled lze \u00fasp\u011b\u0161n\u011b rekonstruovat a firma ProjectSoft HK, a.s. po odezn\u011bn\u00ed pandemie covidu mohla kone\u010dn\u011b za\u010d\u00e1tkem roku 2022 za\u010d\u00edt pr\u00e1ce p\u0159\u00edmo na m\u00edst\u011b v chilsk\u00e9 pou\u0161ti Atacama, kde se hv\u011bzd\u00e1rna La Silla <strong>Evropsk\u00e9 ji\u017en\u00ed observato\u0159e<\/strong> nach\u00e1z\u00ed. T\u011bmto pracem p\u0159edch\u00e1zel v s\u00eddle firmy v Hradci Kr\u00e1lov\u00e9 rok p\u0159\u00edprav \u0159\u00edd\u00edc\u00edch syst\u00e9m\u016f a programov\u00e1n\u00ed nov\u00fdch postup\u016f pro \u0159\u00edzen\u00ed dalekohledu. Mezit\u00edm na Astronomick\u00e9m \u00fastavu AV \u010cR prob\u00edhala p\u0159\u00edprava nov\u00e9ho spektrografu a koordinace cel\u00e9ho projektu s Evropskou ji\u017en\u00ed observato\u0159\u00ed (ESO).<\/p>\n\n\n\n<p>Prvn\u00ed historick\u00e9 elektrick\u00e9 kabely byly odstran\u011bny 10. \u00fanora 2022 a dalekohled se znovu rozh\u00fdbal s u\u017e nov\u00fdm \u0159\u00edd\u00edc\u00edm syst\u00e9mem 24. b\u0159ezna. Testovac\u00ed f\u00e1ze prob\u011bhla na p\u0159elomu b\u0159ezna a dubna a nyn\u00ed je dalekohled pln\u011b automatizov\u00e1n a vybaven nov\u00fdmi syst\u00e9my, kter\u00e9 umo\u017e\u0148uj\u00ed ovl\u00e1d\u00e1n\u00ed dalekohledu na d\u00e1lku. Na ond\u0159ejovsk\u00e9 hv\u011bzd\u00e1rn\u011b Astronomick\u00e9ho \u00fastavu AV \u010cR je u\u017e p\u0159ipraveno \u0159\u00edd\u00edc\u00ed pracovi\u0161t\u011b pro pozorov\u00e1n\u00ed t\u00edmto dalekohledem. 3. dubna byl dalekohled E152 \u00fasp\u011b\u0161n\u011b p\u0159ed\u00e1n k u\u017e\u00edv\u00e1n\u00ed Astronomick\u00e9mu \u00fastavu AV \u010cR a nyn\u00ed prob\u011bhne testovac\u00ed f\u00e1ze a instalace spektrografu PLATOSpec.<\/p>\n\n\n\n<p>PLATOSpec je p\u0159\u00edkladem \u00fasp\u011b\u0161n\u00e9 spolupr\u00e1ce mezi \u010deskou v\u011bdou a \u010desk\u00fdm pr\u016fmyslem. Ostatn\u011b, symbolicky to ukazuje nov\u011b vlaj\u00edc\u00ed \u010desk\u00e1 vlajka nad \u010dty\u0159patrovou budovou kopule nov\u011b zprovozn\u011bn\u00e9ho dalekohledu ve vynikaj\u00edc\u00edch pozorovac\u00edch podm\u00ednk\u00e1ch uprost\u0159ed pou\u0161t\u011b Atacama.<\/p>\n\n\n\n<ul class=\"wp-block-list\">\n<li><a href=\"https:\/\/www.asu.cas.cz\/articles\/1935\/19\/dalekohled-e152-v-chilske-pousti-atacama-prechazi-do-ceskeho-uzivani\" target=\"_blank\" rel=\"noreferrer noopener\">\u010dl\u00e1nek na str\u00e1nk\u00e1ch ASU<\/a><\/li>\n\n\n\n<li><a href=\"https:\/\/stel.asu.cas.cz\/plato\/index.html\" target=\"_blank\" rel=\"noreferrer noopener\">str\u00e1nky projektu PlatoSpec<\/a><\/li>\n<\/ul>\n\n\n\n<h4 class=\"wp-block-heading\" id=\"kontakty\">Kontakty: <\/h4>\n\n\n\n<ul class=\"wp-block-list\">\n<li><a href=\"https:\/\/stel.asu.cas.cz\/cs\/vyzkum-extrasolarnich-planet\/lide\/#kabath\" data-type=\"URL\" data-id=\"https:\/\/stel.asu.cas.cz\/cs\/vyzkum-extrasolarnich-planet\/lide\/#kabath\">Dr. Petr Kab\u00e1th<\/a>, vedouc\u00ed <a href=\"https:\/\/stel.asu.cas.cz\/cs\/vyzkum-extrasolarnich-planet\/\" data-type=\"URL\" data-id=\"https:\/\/stel.asu.cas.cz\/cs\/vyzkum-extrasolarnich-planet\/\">skupiny exoplanet<\/a>, Stel\u00e1rn\u00ed odd\u011blen\u00ed, ASU AV \u010cR<\/li>\n\n\n\n<li><a href=\"mailto:tomas.turek@projectsoft.cz\">Ing. Tom\u00e1\u0161 Turek<\/a>, <a href=\"https:\/\/www.projectsoft.cz\/dalekohledy-observatore.php\" data-type=\"URL\" data-id=\"https:\/\/www.projectsoft.cz\/dalekohledy-observatore.php\" target=\"_blank\" rel=\"noreferrer noopener\">ProjectSoft HK<\/a><\/li>\n<\/ul>\n\n\n\n<p><\/p>\n","protected":false},"excerpt":{"rendered":"<p>PLATOSpec &#8211; takov\u00e9 je ozna\u010den\u00ed nov\u00e9ho spektrografu, kter\u00fd bude instalov\u00e1n na dalekohledu E152 na observato\u0159i La Silla v Chile. Spektrograf bude zejm\u00e9na hledat nov\u00e9 exoplanety<\/p>\n","protected":false},"author":1,"featured_media":2212,"comment_status":"closed","ping_status":"closed","sticky":false,"template":"","format":"standard","meta":{"footnotes":""},"categories":[38,32,36],"tags":[],"class_list":["post-2208","post","type-post","status-publish","format-standard","has-post-thumbnail","hentry","category-exoplanety","category-novinky","category-oddeleni"],"_links":{"self":[{"href":"https:\/\/stel.asu.cas.cz\/cs\/wp-json\/wp\/v2\/posts\/2208","targetHints":{"allow":["GET"]}}],"collection":[{"href":"https:\/\/stel.asu.cas.cz\/cs\/wp-json\/wp\/v2\/posts"}],"about":[{"href":"https:\/\/stel.asu.cas.cz\/cs\/wp-json\/wp\/v2\/types\/post"}],"author":[{"embeddable":true,"href":"https:\/\/stel.asu.cas.cz\/cs\/wp-json\/wp\/v2\/users\/1"}],"replies":[{"embeddable":true,"href":"https:\/\/stel.asu.cas.cz\/cs\/wp-json\/wp\/v2\/comments?post=2208"}],"version-history":[{"count":9,"href":"https:\/\/stel.asu.cas.cz\/cs\/wp-json\/wp\/v2\/posts\/2208\/revisions"}],"predecessor-version":[{"id":3507,"href":"https:\/\/stel.asu.cas.cz\/cs\/wp-json\/wp\/v2\/posts\/2208\/revisions\/3507"}],"wp:featuredmedia":[{"embeddable":true,"href":"https:\/\/stel.asu.cas.cz\/cs\/wp-json\/wp\/v2\/media\/2212"}],"wp:attachment":[{"href":"https:\/\/stel.asu.cas.cz\/cs\/wp-json\/wp\/v2\/media?parent=2208"}],"wp:term":[{"taxonomy":"category","embeddable":true,"href":"https:\/\/stel.asu.cas.cz\/cs\/wp-json\/wp\/v2\/categories?post=2208"},{"taxonomy":"post_tag","embeddable":true,"href":"https:\/\/stel.asu.cas.cz\/cs\/wp-json\/wp\/v2\/tags?post=2208"}],"curies":[{"name":"wp","href":"https:\/\/api.w.org\/{rel}","templated":true}]}}