{"id":2231,"date":"2022-05-12T08:25:27","date_gmt":"2022-05-12T06:25:27","guid":{"rendered":"https:\/\/stel.asu.cas.cz\/cs\/?p=2231"},"modified":"2022-05-16T17:30:25","modified_gmt":"2022-05-16T15:30:25","slug":"oceneni-pro-michaelu-kraus-ze-stelarniho-oddeleni","status":"publish","type":"post","link":"https:\/\/stel.asu.cas.cz\/cs\/2022\/05\/12\/oceneni-pro-michaelu-kraus-ze-stelarniho-oddeleni\/","title":{"rendered":"Ocen\u011bn\u00ed pro Michaelu Kraus ze Stel\u00e1rn\u00edho odd\u011blen\u00ed"},"content":{"rendered":"\n<p>Dr. Michaela Kraus ze Stel\u00e1rn\u00edho odd\u011blen\u00ed Astronomick\u00e9ho \u00fastavu AV&nbsp;\u010cR p\u0159evzala 19. dubna 2022 ocen\u011bn\u00ed &#8222;LELOIR Prize&#8220;, kter\u00e9 j\u00ed za v\u00fdznamn\u00fd p\u0159\u00ednos k&nbsp;podpo\u0159e a&nbsp;upevn\u011bn\u00ed mezin\u00e1rodn\u00ed&nbsp;spolupr\u00e1ce v&nbsp;oblasti v\u011bdy, techniky a&nbsp;inovac\u00ed ud\u011blilo argentinsk\u00e9 Ministerio de Ciencia, Tecnolog\u00eda e Innovaci\u00f3n. Ceremonie ud\u011blen\u00ed ocen\u011bn\u00ed prob\u011bhla virtu\u00e1ln\u011b. Medaili a diplom za z\u00e1sadn\u00ed v\u011bdeck\u00e9 p\u0159\u00edsp\u011bvky na poli spolupr\u00e1ce s&nbsp;univerzitou La Plata p\u0159evzala Dr. Michaela Kraus z rukou velvyslance Argent\u00ednsk\u00e9 republiky Roberta Salafii o&nbsp;n\u011bkolik dn\u00ed pozd\u011bji.<\/p>\n\n\n\n<p>Gratulujeme a p\u0159ejeme na\u0161\u00ed kolegyni mnoho dal\u0161\u00edch \u00fasp\u011bch\u016f v jej\u00ed v\u011bdeck\u00e9 pr\u00e1ci. <\/p>\n\n\n\n<p><\/p>\n","protected":false},"excerpt":{"rendered":"<p>Dr. Michaela Kraus ze Stel\u00e1rn\u00edho odd\u011blen\u00ed Astronomick\u00e9ho \u00fastavu AV&nbsp;\u010cR p\u0159evzala 19. dubna 2022 ocen\u011bn\u00ed &#8222;LELOIR Prize&#8220;, kter\u00e9 j\u00ed za v\u00fdznamn\u00fd p\u0159\u00ednos k&nbsp;podpo\u0159e a&nbsp;upevn\u011bn\u00ed mezin\u00e1rodn\u00ed&nbsp;spolupr\u00e1ce v&nbsp;oblasti<\/p>\n","protected":false},"author":1,"featured_media":2239,"comment_status":"closed","ping_status":"closed","sticky":false,"template":"","format":"standard","meta":{"footnotes":""},"categories":[37,32,36],"tags":[],"class_list":["post-2231","post","type-post","status-publish","format-standard","has-post-thumbnail","hentry","category-horke-hvezdy","category-novinky","category-oddeleni"],"_links":{"self":[{"href":"https:\/\/stel.asu.cas.cz\/cs\/wp-json\/wp\/v2\/posts\/2231","targetHints":{"allow":["GET"]}}],"collection":[{"href":"https:\/\/stel.asu.cas.cz\/cs\/wp-json\/wp\/v2\/posts"}],"about":[{"href":"https:\/\/stel.asu.cas.cz\/cs\/wp-json\/wp\/v2\/types\/post"}],"author":[{"embeddable":true,"href":"https:\/\/stel.asu.cas.cz\/cs\/wp-json\/wp\/v2\/users\/1"}],"replies":[{"embeddable":true,"href":"https:\/\/stel.asu.cas.cz\/cs\/wp-json\/wp\/v2\/comments?post=2231"}],"version-history":[{"count":4,"href":"https:\/\/stel.asu.cas.cz\/cs\/wp-json\/wp\/v2\/posts\/2231\/revisions"}],"predecessor-version":[{"id":2240,"href":"https:\/\/stel.asu.cas.cz\/cs\/wp-json\/wp\/v2\/posts\/2231\/revisions\/2240"}],"wp:featuredmedia":[{"embeddable":true,"href":"https:\/\/stel.asu.cas.cz\/cs\/wp-json\/wp\/v2\/media\/2239"}],"wp:attachment":[{"href":"https:\/\/stel.asu.cas.cz\/cs\/wp-json\/wp\/v2\/media?parent=2231"}],"wp:term":[{"taxonomy":"category","embeddable":true,"href":"https:\/\/stel.asu.cas.cz\/cs\/wp-json\/wp\/v2\/categories?post=2231"},{"taxonomy":"post_tag","embeddable":true,"href":"https:\/\/stel.asu.cas.cz\/cs\/wp-json\/wp\/v2\/tags?post=2231"}],"curies":[{"name":"wp","href":"https:\/\/api.w.org\/{rel}","templated":true}]}}