{"id":2442,"date":"2022-12-02T16:34:44","date_gmt":"2022-12-02T15:34:44","guid":{"rendered":"https:\/\/stel.asu.cas.cz\/cs\/?p=2442"},"modified":"2022-12-06T08:37:18","modified_gmt":"2022-12-06T07:37:18","slug":"tiskove-konference-k-zahajeni-provozu-dalekohledu-e152","status":"publish","type":"post","link":"https:\/\/stel.asu.cas.cz\/cs\/2022\/12\/02\/tiskove-konference-k-zahajeni-provozu-dalekohledu-e152\/","title":{"rendered":"Tiskov\u00e1 konference k zah\u00e1jen\u00ed provozu dalekohledu E152 na Observato\u0159i La Silla v Chile"},"content":{"rendered":"\n<p>V p\u00e1tek 25. 11. 2022 se uskute\u010dnila on-line tiskov\u00e1 konference k&nbsp;ofici\u00e1ln\u00edmu uveden\u00ed do provozu dalekohledu E152, kter\u00fd byl na Observato\u0159i La Silla v Chile rekonstruov\u00e1n v r\u00e1mci projektu PLATOSpec. Vzhledem k&nbsp;um\u00edst\u011bn\u00ed teleskopu byla tiskov\u00e1 konference p\u0159en\u00e1\u0161ena online z Ond\u0159ejova a z Chile. <\/p>\n\n\n\n<p>Dalekohled <a href=\"https:\/\/www.eso.org\/public\/czechrepublic\/teles-instr\/lasilla\/152metre\/\" target=\"_blank\" rel=\"noreferrer noopener\">E152 um\u00edst\u011bn\u00fd na Evropsk\u00e9 ji\u017en\u00ed observato\u0159i<\/a> v&nbsp;chilsk\u00e9 pou\u0161ti Atacama byl mimo provoz od roku 2002. \u010cesk\u00e1 firma ProjectSoft teleskop modernizovala a nyn\u00ed je mo\u017en\u00e9 ho \u0159\u00eddit na d\u00e1lku. Realizace byla v\u00fdznamn\u011b finan\u010dn\u011b <strong>podpo\u0159ena Akademi\u00ed v\u011bd \u010cR<\/strong> v&nbsp;r\u00e1mci programu n\u00e1kladn\u00fdch p\u0159\u00edstroj\u016f.<\/p>\n\n\n\n<p><strong>Na tiskov\u00e9 konferenci vystoupili<\/strong>: \u0159editel Astronomick\u00e9ho \u00fastavu AV&nbsp;\u010cR Dr. Michal Bursa, vedouc\u00ed projektu PLATOSpec Dr. Petr Kab\u00e1th, velvyslanec \u010cR v&nbsp;Chile Ing. Pavel B\u011bchn\u00fd, profesor Petr Heinzel, z\u00e1stupce firmy ProjectSoft Zden\u011bk Bardon, profesor Svatopluk Civi\u0161 a&nbsp;\u0159editel observato\u0159e La Silla Ivo Saviane. V\u00edce o&nbsp;projektu PLATOSpec <a href=\"https:\/\/stel.asu.cas.cz\/plato\/\" target=\"_blank\" rel=\"noreferrer noopener\">naleznete zde<\/a>.<\/p>\n\n\n\n<p>Z\u00e1znam tiskov\u00e9 konference na <a href=\"https:\/\/www.youtube.com\/watch?v=mBdm_u5skWo\" target=\"_blank\" rel=\"noreferrer noopener\">YouTube kan\u00e1lu Astronomick\u00e9ho \u00fastavu AV&nbsp;\u010cR<\/a>. <\/p>\n\n\n\n<hr class=\"wp-block-separator has-text-color has-pale-cyan-blue-color has-alpha-channel-opacity has-pale-cyan-blue-background-color has-background\"\/>\n\n\n\n<figure class=\"wp-block-embed is-type-video is-provider-youtube wp-block-embed-youtube wp-embed-aspect-16-9 wp-has-aspect-ratio\"><div class=\"wp-block-embed__wrapper\">\n<iframe loading=\"lazy\" title=\"Tiskov\u00e1 konference PLATOSpec 25.11.2022\" width=\"640\" height=\"360\" src=\"https:\/\/www.youtube.com\/embed\/mBdm_u5skWo?feature=oembed\" frameborder=\"0\" allow=\"accelerometer; autoplay; clipboard-write; encrypted-media; gyroscope; picture-in-picture; web-share\" referrerpolicy=\"strict-origin-when-cross-origin\" allowfullscreen><\/iframe>\n<\/div><\/figure>\n\n\n\n<hr class=\"wp-block-separator has-text-color has-pale-cyan-blue-color has-alpha-channel-opacity has-pale-cyan-blue-background-color has-background\"\/>\n\n\n\n<p>\u00dakolem projeku PLATOSpec je p\u0159isp\u011bt k v\u00fdzkumu exoplanet (planet u\u00a0ciz\u00edch hv\u011bzd). Dalekohled E152 vybaven\u00fd spektrografem PLATOSpec bude prov\u00e1d\u011bt n\u00e1sledn\u00e1 pozemn\u00ed pozorov\u00e1n\u00ed zaj\u00edmav\u00fdch objekt\u016f objeven\u00fdch dru\u017eicemi <strong>TESS<\/strong> (NASA, v\u00a0provozu) a\u00a0<strong>PLATO<\/strong> (ESA, k\u00a0vypu\u0161t\u011bn\u00ed v\u00a02026), kter\u00e9 jsou ur\u010deny k\u00a0objevov\u00e1n\u00ed exoplanet. <strong>PLATOSpec<\/strong> astronom\u016fm umo\u017en\u00ed pomoc\u00ed detailn\u00ed spektroskopick\u00e9 anal\u00fdzy zkoumat jednak z\u00e1kladn\u00edch charakteristiky exoplanet jako je hmotnost, velikost a\u00a0vzd\u00e1lenost od mate\u0159sk\u00e9 hv\u011bzdy, ale tak\u00e9 slo\u017een\u00ed jejich atmosf\u00e9r a podm\u00ednky zde panuj\u00edc\u00ed. <\/p>\n","protected":false},"excerpt":{"rendered":"<p>V p\u00e1tek 25. 11. 2022 se uskute\u010dnila on-line tiskov\u00e1 konference k&nbsp;ofici\u00e1ln\u00edmu uveden\u00ed do provozu dalekohledu E152, kter\u00fd byl na Observato\u0159i La Silla v Chile rekonstruov\u00e1n<\/p>\n","protected":false},"author":1,"featured_media":2444,"comment_status":"closed","ping_status":"closed","sticky":false,"template":"","format":"standard","meta":{"footnotes":""},"categories":[38,32,36],"tags":[],"class_list":["post-2442","post","type-post","status-publish","format-standard","has-post-thumbnail","hentry","category-exoplanety","category-novinky","category-oddeleni"],"_links":{"self":[{"href":"https:\/\/stel.asu.cas.cz\/cs\/wp-json\/wp\/v2\/posts\/2442","targetHints":{"allow":["GET"]}}],"collection":[{"href":"https:\/\/stel.asu.cas.cz\/cs\/wp-json\/wp\/v2\/posts"}],"about":[{"href":"https:\/\/stel.asu.cas.cz\/cs\/wp-json\/wp\/v2\/types\/post"}],"author":[{"embeddable":true,"href":"https:\/\/stel.asu.cas.cz\/cs\/wp-json\/wp\/v2\/users\/1"}],"replies":[{"embeddable":true,"href":"https:\/\/stel.asu.cas.cz\/cs\/wp-json\/wp\/v2\/comments?post=2442"}],"version-history":[{"count":6,"href":"https:\/\/stel.asu.cas.cz\/cs\/wp-json\/wp\/v2\/posts\/2442\/revisions"}],"predecessor-version":[{"id":2451,"href":"https:\/\/stel.asu.cas.cz\/cs\/wp-json\/wp\/v2\/posts\/2442\/revisions\/2451"}],"wp:featuredmedia":[{"embeddable":true,"href":"https:\/\/stel.asu.cas.cz\/cs\/wp-json\/wp\/v2\/media\/2444"}],"wp:attachment":[{"href":"https:\/\/stel.asu.cas.cz\/cs\/wp-json\/wp\/v2\/media?parent=2442"}],"wp:term":[{"taxonomy":"category","embeddable":true,"href":"https:\/\/stel.asu.cas.cz\/cs\/wp-json\/wp\/v2\/categories?post=2442"},{"taxonomy":"post_tag","embeddable":true,"href":"https:\/\/stel.asu.cas.cz\/cs\/wp-json\/wp\/v2\/tags?post=2442"}],"curies":[{"name":"wp","href":"https:\/\/api.w.org\/{rel}","templated":true}]}}