{"id":2566,"date":"2023-01-25T08:48:34","date_gmt":"2023-01-25T07:48:34","guid":{"rendered":"https:\/\/stel.asu.cas.cz\/cs\/?p=2566"},"modified":"2023-01-25T14:04:28","modified_gmt":"2023-01-25T13:04:28","slug":"premie-jana-frice-za-rok-2022-udelena-janu-subjakovi","status":"publish","type":"post","link":"https:\/\/stel.asu.cas.cz\/cs\/2023\/01\/25\/premie-jana-frice-za-rok-2022-udelena-janu-subjakovi\/","title":{"rendered":"Pr\u00e9mie Jana Fri\u010de za rok 2022 ud\u011blena J\u00e1nu \u0160ubjakovi"},"content":{"rendered":"\n<p>V&nbsp;pond\u011bl\u00ed 23. ledna 2023 prob\u011bhlo na observato\u0159i <strong>Astronomick\u00e9ho \u00fastavu AV&nbsp;\u010cR<\/strong> slavnostn\u00ed p\u0159ed\u00e1n\u00ed&nbsp;<strong>Pr\u00e9mie&nbsp;Jana&nbsp;Fri\u010de<\/strong>&nbsp;za rok 2022. Laure\u00e1tem je&nbsp;<strong>Mgr. J\u00e1n \u0160ubjak, Ph.D.&nbsp;ze Stel\u00e1rn\u00edho odd\u011blen\u00ed<\/strong>, kter\u00fd z\u00edsk\u00e1v\u00e1 toto ocen\u011bn\u00ed za pr\u00e1ci \u201eFotometrick\u00e1 a&nbsp;spektroskopick\u00e1 charakterizace subhv\u011bzdn\u00fdch spole\u010dn\u00edk\u016f hv\u011bzd\u201c.<\/p>\n\n\n\n<p>Pr\u00e9mii&nbsp;Jana&nbsp;Fri\u010de&nbsp;ud\u011bluje Astronomick\u00fd \u00fastav AV&nbsp;\u010cR od roku 2009 sv\u00fdm mlad\u00fdm pracovn\u00edk\u016fm za mimo\u0159\u00e1dn\u00e9 v\u00fdsledky, kter\u00e9 p\u0159isp\u00edvaj\u00ed k&nbsp;presti\u017ei \u00fastavu v&nbsp;mezin\u00e1rodn\u00edm srovn\u00e1n\u00ed.<\/p>\n\n\n\n<p>P\u0159i p\u0159\u00edle\u017eitosti p\u0159ed\u00e1n\u00ed Pr\u00e9mie Jana Fri\u010de&nbsp;\u010derstv\u00fd dr\u017eitel ocen\u011bn\u00ed pronesl <strong>laure\u00e1tskou p\u0159edn\u00e1\u0161ku<\/strong> na t\u00e9ma<strong> \u201eFotometrick\u00e1 a&nbsp;spektroskopick\u00e1 charakterizace subhv\u011bzdn\u00fdch spole\u010dn\u00edk\u016f hv\u011bzd.\u201c<\/strong><\/p>\n\n\n\n<p>Dal\u0161\u00ed podrobnosti naleznete <a rel=\"noreferrer noopener\" href=\"https:\/\/www.asu.cas.cz\/articles\/2049\/19\/premie-jana-frice-za-rok-2022-udelena-janu-subjakovi\" target=\"_blank\">na webu Astronomick\u00e9ho \u00fastavu<\/a>.<\/p>\n\n\n\n<p>Dal\u0161\u00ed fotografie na <a rel=\"noreferrer noopener\" href=\"https:\/\/www.facebook.com\/AstronomickyUstav\" target=\"_blank\">Facebooku ASU<\/a>.<\/p>\n\n\n\n<h4 class=\"wp-block-heading\"><strong>Ocen\u011bn\u00e1 pr\u00e1ce<\/strong><\/h4>\n\n\n\n<blockquote class=\"wp-block-quote is-layout-flow wp-block-quote-is-layout-flow\">\n<p>\u0160ubjak, J., Sharma, R., Carmichael, T. W., et al. 2020, <em>TOI-503: The First Known Brown-dwarf Am-star Binary from the TESS Mission<\/em>, AJ, 159, 151&nbsp;&nbsp;<\/p>\n\n\n\n<p>\u0160ubjak, J., Endl, M., Chaturvedi, P., et al. 2022, <em>TOI-1268b: The youngest hot Saturn-mass transiting exoplanet<\/em>, A&amp;A, 662, A107, 21 5.&nbsp;<\/p>\n<\/blockquote>\n\n\n\n<h4 class=\"wp-block-heading\"><strong>Abstrakt laure\u00e1tsk\u00e9 p\u0159edn\u00e1\u0161ky<\/strong><\/h4>\n\n\n\n<p><strong>Fotometrick\u00e1 a&nbsp;spektroskopick\u00e1 charakterizace subhv\u011bzdn\u00fdch spole\u010dn\u00edk\u016f hv\u011bzd<\/strong><\/p>\n\n\n\n<p>Subhv\u011bzdn\u00e9 objekty (plynn\u00e9 planety a&nbsp;hn\u011bd\u00ed trpasl\u00edci) nejsou dostate\u010dn\u011b hmotn\u00e9 na to, aby v&nbsp;jejich j\u00e1d\u0159e prob\u00edhala vod\u00edkov\u00e1 f\u00faze jako v&nbsp;p\u0159\u00edpad\u011b hv\u011bzd. Tyto dv\u011b skupiny maj\u00ed mnoho podobn\u00fdch vlastnost\u00ed a&nbsp;proto se intenz\u00edvn\u011b diskutuje zp\u016fsob, jak je rozli\u0161it a&nbsp;charakterizovat. Pou\u017eit\u00ed procesu formov\u00e1n\u00ed se jev\u00ed jako nejlep\u0161\u00ed zp\u016fsob. Ve svoj\u00ed pr\u00e1ci se J\u00e1n \u0160ubjak zam\u011b\u0159il na tranzituj\u00edc\u00ed subhv\u011bzdn\u00e9 objekty jako na zvl\u00e1\u0161\u0165 vhodn\u00e9 objekty pro studium jejich vzniku a&nbsp;v\u00fdvoje. Pr\u00e1ce pou\u017e\u00edv\u00e1 r\u016fzn\u00e9 techniky se zam\u011b\u0159en\u00edm p\u0159edev\u0161\u00edm na slapov\u00e9 interakce.<\/p>\n\n\n<div class=\"wp-block-image\">\n<figure class=\"aligncenter size-large\"><a href=\"https:\/\/stel.asu.cas.cz\/cs\/wp-content\/uploads\/2023\/01\/subjak-jfp2022.jpg\"><img loading=\"lazy\" decoding=\"async\" width=\"1024\" height=\"461\" src=\"https:\/\/stel.asu.cas.cz\/cs\/wp-content\/uploads\/2023\/01\/subjak-jfp2022-1024x461.jpg\" alt=\"\" class=\"wp-image-2579\" srcset=\"https:\/\/stel.asu.cas.cz\/cs\/wp-content\/uploads\/2023\/01\/subjak-jfp2022-1024x461.jpg 1024w, https:\/\/stel.asu.cas.cz\/cs\/wp-content\/uploads\/2023\/01\/subjak-jfp2022-300x135.jpg 300w, https:\/\/stel.asu.cas.cz\/cs\/wp-content\/uploads\/2023\/01\/subjak-jfp2022-768x346.jpg 768w, https:\/\/stel.asu.cas.cz\/cs\/wp-content\/uploads\/2023\/01\/subjak-jfp2022-18x8.jpg 18w, https:\/\/stel.asu.cas.cz\/cs\/wp-content\/uploads\/2023\/01\/subjak-jfp2022-24x11.jpg 24w, https:\/\/stel.asu.cas.cz\/cs\/wp-content\/uploads\/2023\/01\/subjak-jfp2022-36x16.jpg 36w, https:\/\/stel.asu.cas.cz\/cs\/wp-content\/uploads\/2023\/01\/subjak-jfp2022.jpg 1500w\" sizes=\"auto, (max-width: 1024px) 100vw, 1024px\" \/><\/a><figcaption class=\"wp-element-caption\">Laure\u00e1tsk\u00e9 p\u0159edn\u00e1\u0161ka J. \u0160ubjaka v knihovn\u011b ASU. Zdroj: FB ASU<\/figcaption><\/figure><\/div>\n\n\n<h4 class=\"wp-block-heading\">Kontakt<\/h4>\n\n\n\n<ul class=\"wp-block-list\">\n<li><a rel=\"noreferrer noopener\" href=\"https:\/\/www.asu.cas.cz\/files\/articles\/2023\/02049-premie-jana-frice-za-rok\/tz-fric-2022.doc\" target=\"_blank\">Tiskov\u00e1 zpr\u00e1va ke sta\u017een\u00ed<\/a> (ve form\u00e1tu .doc)<\/li>\n\n\n\n<li>Pavel Suchan, Tiskov\u00fd tajemn\u00edk ASU AV&nbsp;\u010cR:&nbsp;<a href=\"mailto:pavel.suchan@asu.cas.cz\">pavel.suchan@asu.cas.cz<\/a>,&nbsp;737&nbsp;322&nbsp;815<\/li>\n\n\n\n<li>Mgr. J\u00e1n \u0160ubjak, Ph.D. \u2013\u00a0<a href=\"mailto:jan.subjak@asu.cas.cz\">jan.subjak@asu.cas.cz<\/a><\/li>\n<\/ul>\n","protected":false},"excerpt":{"rendered":"<p>V&nbsp;pond\u011bl\u00ed 23. ledna 2023 prob\u011bhlo na observato\u0159i Astronomick\u00e9ho \u00fastavu AV&nbsp;\u010cR slavnostn\u00ed p\u0159ed\u00e1n\u00ed&nbsp;Pr\u00e9mie&nbsp;Jana&nbsp;Fri\u010de&nbsp;za rok 2022. Laure\u00e1tem je&nbsp;Mgr. J\u00e1n \u0160ubjak, Ph.D.&nbsp;ze Stel\u00e1rn\u00edho odd\u011blen\u00ed, kter\u00fd z\u00edsk\u00e1v\u00e1 toto ocen\u011bn\u00ed<\/p>\n","protected":false},"author":1,"featured_media":2581,"comment_status":"closed","ping_status":"closed","sticky":false,"template":"","format":"standard","meta":{"footnotes":""},"categories":[32,36],"tags":[],"class_list":["post-2566","post","type-post","status-publish","format-standard","has-post-thumbnail","hentry","category-novinky","category-oddeleni"],"_links":{"self":[{"href":"https:\/\/stel.asu.cas.cz\/cs\/wp-json\/wp\/v2\/posts\/2566","targetHints":{"allow":["GET"]}}],"collection":[{"href":"https:\/\/stel.asu.cas.cz\/cs\/wp-json\/wp\/v2\/posts"}],"about":[{"href":"https:\/\/stel.asu.cas.cz\/cs\/wp-json\/wp\/v2\/types\/post"}],"author":[{"embeddable":true,"href":"https:\/\/stel.asu.cas.cz\/cs\/wp-json\/wp\/v2\/users\/1"}],"replies":[{"embeddable":true,"href":"https:\/\/stel.asu.cas.cz\/cs\/wp-json\/wp\/v2\/comments?post=2566"}],"version-history":[{"count":10,"href":"https:\/\/stel.asu.cas.cz\/cs\/wp-json\/wp\/v2\/posts\/2566\/revisions"}],"predecessor-version":[{"id":2584,"href":"https:\/\/stel.asu.cas.cz\/cs\/wp-json\/wp\/v2\/posts\/2566\/revisions\/2584"}],"wp:featuredmedia":[{"embeddable":true,"href":"https:\/\/stel.asu.cas.cz\/cs\/wp-json\/wp\/v2\/media\/2581"}],"wp:attachment":[{"href":"https:\/\/stel.asu.cas.cz\/cs\/wp-json\/wp\/v2\/media?parent=2566"}],"wp:term":[{"taxonomy":"category","embeddable":true,"href":"https:\/\/stel.asu.cas.cz\/cs\/wp-json\/wp\/v2\/categories?post=2566"},{"taxonomy":"post_tag","embeddable":true,"href":"https:\/\/stel.asu.cas.cz\/cs\/wp-json\/wp\/v2\/tags?post=2566"}],"curies":[{"name":"wp","href":"https:\/\/api.w.org\/{rel}","templated":true}]}}