{"id":2659,"date":"2023-04-13T17:04:15","date_gmt":"2023-04-13T15:04:15","guid":{"rendered":"https:\/\/stel.asu.cas.cz\/cs\/?p=2659"},"modified":"2023-05-17T14:53:37","modified_gmt":"2023-05-17T12:53:37","slug":"mise-plato-najde-druhou-zemi-ve-vesmiru","status":"publish","type":"post","link":"https:\/\/stel.asu.cas.cz\/cs\/2023\/04\/13\/mise-plato-najde-druhou-zemi-ve-vesmiru\/","title":{"rendered":"Mise PLATO: Najde druhou Zemi ve vesm\u00edru?"},"content":{"rendered":"\n<p>Evropsk\u00e1 kosmick\u00e1 agentura (ESA) vy\u0161le PLATO do vesm\u00edru na konci roku 2026, u\u017e nyn\u00ed je ale v&nbsp;pokro\u010dil\u00e9 f\u00e1zi p\u0159\u00edprav, nap\u0159. kamery pro\u0161ly vibra\u010dn\u00edmi testy. Bude se jednat o&nbsp;nejv\u011bt\u0161\u00ed kamerov\u00fd syst\u00e9m, kter\u00fd se do vesm\u00edru kdy dostal. A&nbsp;na p\u0159evoz celkem 26 kamer ur\u010den\u00fdch pro sondu byly pr\u00e1v\u011b v&nbsp;\u010cesk\u00e9 republice vyvinuty a&nbsp;vyrobeny speci\u00e1ln\u00ed transportn\u00ed kontejnery (viz fotografie z&nbsp;p\u0159edn\u00e1\u0161ky profesorky Heike Rauer o&nbsp;spolupr\u00e1ci nap\u0159\u00ed\u010d Evropou). No a&nbsp;tak\u00e9 se do pozemsk\u00e9ho ov\u011b\u0159ov\u00e1n\u00ed zapojuje nejv\u011bt\u0161\u00ed \u010desk\u00fd dalekohled v&nbsp;Ond\u0159ejov\u011b a&nbsp;dalekohled E152 na observato\u0159i La Silla (Evropsk\u00e1 ji\u017en\u00ed observato\u0159), kter\u00fd je ji\u017e nyn\u00ed operov\u00e1n na d\u00e1lku \u010desk\u00fdmi astronomy z&nbsp;Ond\u0159ejova (op\u011bt ve fotografi\u00edch z&nbsp;p\u0159edn\u00e1\u0161ky profesorky Rauer dopln\u011bn\u00e9 Petrem Kab\u00e1them, vedouc\u00edm skupiny exoplanet Stel\u00e1rn\u00edho odd\u011blen\u00ed Astronomick\u00e9ho \u00fastavu AV&nbsp;\u010cR, kter\u00fd \u010deskou \u00fa\u010dast vede). <\/p>\n\n\n\n<ul class=\"wp-block-list\">\n<li>V\u00edce informac\u00ed <a href=\"https:\/\/stel.asu.cas.cz\/plato\/index.html.\">naleznete zde<\/a><\/li>\n\n\n\n<li>Zdroj: <a rel=\"noreferrer noopener\" href=\"https:\/\/www.asu.cas.cz\/articles\/2107\/19\/mise-plato-najde-druhou-zemi-ve-vesmiru\" target=\"_blank\">web ASU<\/a><\/li>\n<\/ul>\n\n\n\n<p><\/p>\n\n\n\n<p><\/p>\n","protected":false},"excerpt":{"rendered":"<p>Evropsk\u00e1 kosmick\u00e1 agentura (ESA) vy\u0161le PLATO do vesm\u00edru na konci roku 2026, u\u017e nyn\u00ed je ale v&nbsp;pokro\u010dil\u00e9 f\u00e1zi p\u0159\u00edprav, nap\u0159. kamery pro\u0161ly vibra\u010dn\u00edmi testy. Bude<\/p>\n","protected":false},"author":1,"featured_media":2672,"comment_status":"closed","ping_status":"closed","sticky":false,"template":"","format":"standard","meta":{"footnotes":""},"categories":[38,32,36],"tags":[],"class_list":["post-2659","post","type-post","status-publish","format-standard","has-post-thumbnail","hentry","category-exoplanety","category-novinky","category-oddeleni"],"_links":{"self":[{"href":"https:\/\/stel.asu.cas.cz\/cs\/wp-json\/wp\/v2\/posts\/2659","targetHints":{"allow":["GET"]}}],"collection":[{"href":"https:\/\/stel.asu.cas.cz\/cs\/wp-json\/wp\/v2\/posts"}],"about":[{"href":"https:\/\/stel.asu.cas.cz\/cs\/wp-json\/wp\/v2\/types\/post"}],"author":[{"embeddable":true,"href":"https:\/\/stel.asu.cas.cz\/cs\/wp-json\/wp\/v2\/users\/1"}],"replies":[{"embeddable":true,"href":"https:\/\/stel.asu.cas.cz\/cs\/wp-json\/wp\/v2\/comments?post=2659"}],"version-history":[{"count":4,"href":"https:\/\/stel.asu.cas.cz\/cs\/wp-json\/wp\/v2\/posts\/2659\/revisions"}],"predecessor-version":[{"id":2680,"href":"https:\/\/stel.asu.cas.cz\/cs\/wp-json\/wp\/v2\/posts\/2659\/revisions\/2680"}],"wp:featuredmedia":[{"embeddable":true,"href":"https:\/\/stel.asu.cas.cz\/cs\/wp-json\/wp\/v2\/media\/2672"}],"wp:attachment":[{"href":"https:\/\/stel.asu.cas.cz\/cs\/wp-json\/wp\/v2\/media?parent=2659"}],"wp:term":[{"taxonomy":"category","embeddable":true,"href":"https:\/\/stel.asu.cas.cz\/cs\/wp-json\/wp\/v2\/categories?post=2659"},{"taxonomy":"post_tag","embeddable":true,"href":"https:\/\/stel.asu.cas.cz\/cs\/wp-json\/wp\/v2\/tags?post=2659"}],"curies":[{"name":"wp","href":"https:\/\/api.w.org\/{rel}","templated":true}]}}