{"id":2726,"date":"2023-06-10T11:13:28","date_gmt":"2023-06-10T09:13:28","guid":{"rendered":"https:\/\/stel.asu.cas.cz\/cs\/?p=2726"},"modified":"2023-08-22T11:14:21","modified_gmt":"2023-08-22T09:14:21","slug":"predsedkyne-akademie-ved-na-hvezdarne-v-ondrejove","status":"publish","type":"post","link":"https:\/\/stel.asu.cas.cz\/cs\/2023\/06\/10\/predsedkyne-akademie-ved-na-hvezdarne-v-ondrejove\/","title":{"rendered":"P\u0159edsedkyn\u011b Akademie v\u011bd na hv\u011bzd\u00e1rn\u011b v\u00a0Ond\u0159ejov\u011b"},"content":{"rendered":"\n<p>V r\u00e1mci pravideln\u00fdch n\u00e1v\u0161t\u011bv veden\u00ed Akademie v\u011bd nav\u0161t\u00edvila 7. \u010dervna 2023 p\u0159edsedkyn\u011b Akademie v\u011bd profesorka Eva Za\u017e\u00edmalov\u00e1 spolu s\u00a0m\u00edstop\u0159edsedy Dr. Ilonou M\u00fcllerovou a\u00a0Dr. Ond\u0159ejem Ber\u00e1nkem a\u00a0\u010dlenem Akademick\u00e9 rady Dr. Ji\u0159\u00edm Ple\u0161kem hv\u011bzd\u00e1rnu v\u00a0Ond\u0159ejov\u011b. <\/p>\n\n\n\n<ul class=\"wp-block-list\">\n<li><a href=\"https:\/\/www.asu.cas.cz\/articles\/2149\/19\/predsedkyne-akademie-ved-na-hvezdarne-v-ondrejove\" target=\"_blank\" rel=\"noreferrer noopener\">p\u0159evzato ze str\u00e1nek ASU<\/a><\/li>\n\n\n\n<li>foto: Arch\u00edv Astronomick\u00e9ho \u00fastavu AV\u00a0\u010cR \/ Pavel Suchan<\/li>\n<\/ul>\n","protected":false},"excerpt":{"rendered":"<p>V r\u00e1mci pravideln\u00fdch n\u00e1v\u0161t\u011bv veden\u00ed Akademie v\u011bd nav\u0161t\u00edvila 7. \u010dervna 2023 p\u0159edsedkyn\u011b Akademie v\u011bd profesorka Eva Za\u017e\u00edmalov\u00e1 spolu s\u00a0m\u00edstop\u0159edsedy Dr. Ilonou M\u00fcllerovou a\u00a0Dr. Ond\u0159ejem Ber\u00e1nkem<\/p>\n","protected":false},"author":1,"featured_media":2727,"comment_status":"closed","ping_status":"closed","sticky":false,"template":"","format":"standard","meta":{"footnotes":""},"categories":[32,36],"tags":[],"class_list":["post-2726","post","type-post","status-publish","format-standard","has-post-thumbnail","hentry","category-novinky","category-oddeleni"],"_links":{"self":[{"href":"https:\/\/stel.asu.cas.cz\/cs\/wp-json\/wp\/v2\/posts\/2726","targetHints":{"allow":["GET"]}}],"collection":[{"href":"https:\/\/stel.asu.cas.cz\/cs\/wp-json\/wp\/v2\/posts"}],"about":[{"href":"https:\/\/stel.asu.cas.cz\/cs\/wp-json\/wp\/v2\/types\/post"}],"author":[{"embeddable":true,"href":"https:\/\/stel.asu.cas.cz\/cs\/wp-json\/wp\/v2\/users\/1"}],"replies":[{"embeddable":true,"href":"https:\/\/stel.asu.cas.cz\/cs\/wp-json\/wp\/v2\/comments?post=2726"}],"version-history":[{"count":1,"href":"https:\/\/stel.asu.cas.cz\/cs\/wp-json\/wp\/v2\/posts\/2726\/revisions"}],"predecessor-version":[{"id":2728,"href":"https:\/\/stel.asu.cas.cz\/cs\/wp-json\/wp\/v2\/posts\/2726\/revisions\/2728"}],"wp:featuredmedia":[{"embeddable":true,"href":"https:\/\/stel.asu.cas.cz\/cs\/wp-json\/wp\/v2\/media\/2727"}],"wp:attachment":[{"href":"https:\/\/stel.asu.cas.cz\/cs\/wp-json\/wp\/v2\/media?parent=2726"}],"wp:term":[{"taxonomy":"category","embeddable":true,"href":"https:\/\/stel.asu.cas.cz\/cs\/wp-json\/wp\/v2\/categories?post=2726"},{"taxonomy":"post_tag","embeddable":true,"href":"https:\/\/stel.asu.cas.cz\/cs\/wp-json\/wp\/v2\/tags?post=2726"}],"curies":[{"name":"wp","href":"https:\/\/api.w.org\/{rel}","templated":true}]}}