{"id":2840,"date":"2023-11-20T10:32:56","date_gmt":"2023-11-20T09:32:56","guid":{"rendered":"https:\/\/stel.asu.cas.cz\/cs\/?p=2840"},"modified":"2023-11-20T13:06:29","modified_gmt":"2023-11-20T12:06:29","slug":"jak-vypada-prace-na-atlasu-promennych-hvezd","status":"publish","type":"post","link":"https:\/\/stel.asu.cas.cz\/cs\/2023\/11\/20\/jak-vypada-prace-na-atlasu-promennych-hvezd\/","title":{"rendered":"Jak vypad\u00e1 pr\u00e1ce na atlasu prom\u011bnn\u00fdch hv\u011bzd?"},"content":{"rendered":"\n<p>St\u00e1\u017eist\u00e9 na <a rel=\"noreferrer noopener\" href=\"https:\/\/www.facebook.com\/AstronomickyUstav?__cft__[0]=AZUvPdXxLAIWN-Ms7NU0SvcaCHKAPJpEEDPPUYm_qcXZWZpKz1rkR7gXf7spiGDOD7yuf38HraxSNnVUod9EXttB2HgjngkyeSQQAahEvK5Y-X3vVAMECrZAUTAlO0zFcn0MG-b7PL8oeTAFkUJKvvrWCetGyo15p16NEOwfvKHERpFbnHFX3BuQSwXEQCdEEVs&amp;__tn__=-]K-R\" target=\"_blank\">Astronomick\u00fd \u00fastav AV \u010cR<\/a> Hana \u017dit\u0148ansk\u00e1, Filip Bobal a Luk\u00e1\u0161 Hrd\u00fd pod veden\u00edm lektora Jana \u0160trobla ze Stel\u00e1rn\u00edho odd\u011blen\u00ed pom\u00e1haj\u00ed s vytvo\u0159en\u00edm Fotometrick\u00e9ho atlasu typ\u016f prom\u011bnn\u00fdch hv\u011bzd.<\/p>\n\n\n\n<hr class=\"wp-block-separator has-text-color has-pale-cyan-blue-color has-alpha-channel-opacity has-pale-cyan-blue-background-color has-background\"\/>\n\n\n\n<iframe loading=\"lazy\" src=\"https:\/\/www.facebook.com\/plugins\/post.php?href=https%3A%2F%2Fwww.facebook.com%2Fotevrenaveda%2Fposts%2Fpfbid02N4zPTS8U56RgUJGeNFj9Uf4DHTs5Hf1oZYp4ijLnQvUzr4Q7LhHvCC2tHnZj2RJvl&#038;show_text=true&#038;width=500\" width=\"500\" height=\"670\" style=\"border:none;overflow:hidden\" scrolling=\"no\" frameborder=\"0\" allowfullscreen=\"true\" allow=\"autoplay; clipboard-write; encrypted-media; picture-in-picture; web-share\"><\/iframe>\n\n\n\n<hr class=\"wp-block-separator has-text-color has-pale-cyan-blue-color has-alpha-channel-opacity has-pale-cyan-blue-background-color has-background\"\/>\n\n\n\n<ul class=\"wp-block-list\">\n<li>Zdroj: Otev\u0159en\u00e1 V\u011bda<\/li>\n\n\n\n<li><a rel=\"noreferrer noopener\" href=\"http:\/\/www.otevrenaveda.cz\/?fbclid=IwAR176QglDpa_qL9aGsOrF-jkYY86LRw-ozWb3nPxl0k9282kTnahNReqyT0\" target=\"_blank\">www.otevrenaveda.cz<\/a><\/li>\n\n\n\n<li>fb: <a href=\"https:\/\/www.facebook.com\/otevrenaveda\" target=\"_blank\" rel=\"noreferrer noopener\">https:\/\/www.facebook.com\/otevrenaveda <\/a><\/li>\n<\/ul>\n","protected":false},"excerpt":{"rendered":"<p>St\u00e1\u017eist\u00e9 na Astronomick\u00fd \u00fastav AV \u010cR Hana \u017dit\u0148ansk\u00e1, Filip Bobal a Luk\u00e1\u0161 Hrd\u00fd pod veden\u00edm lektora Jana \u0160trobla ze Stel\u00e1rn\u00edho odd\u011blen\u00ed pom\u00e1haj\u00ed s vytvo\u0159en\u00edm Fotometrick\u00e9ho<\/p>\n","protected":false},"author":1,"featured_media":2845,"comment_status":"closed","ping_status":"closed","sticky":false,"template":"","format":"standard","meta":{"footnotes":""},"categories":[32,36,35,39],"tags":[],"class_list":["post-2840","post","type-post","status-publish","format-standard","has-post-thumbnail","hentry","category-novinky","category-oddeleni","category-popularizace","category-vysoke-energie"],"_links":{"self":[{"href":"https:\/\/stel.asu.cas.cz\/cs\/wp-json\/wp\/v2\/posts\/2840","targetHints":{"allow":["GET"]}}],"collection":[{"href":"https:\/\/stel.asu.cas.cz\/cs\/wp-json\/wp\/v2\/posts"}],"about":[{"href":"https:\/\/stel.asu.cas.cz\/cs\/wp-json\/wp\/v2\/types\/post"}],"author":[{"embeddable":true,"href":"https:\/\/stel.asu.cas.cz\/cs\/wp-json\/wp\/v2\/users\/1"}],"replies":[{"embeddable":true,"href":"https:\/\/stel.asu.cas.cz\/cs\/wp-json\/wp\/v2\/comments?post=2840"}],"version-history":[{"count":5,"href":"https:\/\/stel.asu.cas.cz\/cs\/wp-json\/wp\/v2\/posts\/2840\/revisions"}],"predecessor-version":[{"id":2850,"href":"https:\/\/stel.asu.cas.cz\/cs\/wp-json\/wp\/v2\/posts\/2840\/revisions\/2850"}],"wp:featuredmedia":[{"embeddable":true,"href":"https:\/\/stel.asu.cas.cz\/cs\/wp-json\/wp\/v2\/media\/2845"}],"wp:attachment":[{"href":"https:\/\/stel.asu.cas.cz\/cs\/wp-json\/wp\/v2\/media?parent=2840"}],"wp:term":[{"taxonomy":"category","embeddable":true,"href":"https:\/\/stel.asu.cas.cz\/cs\/wp-json\/wp\/v2\/categories?post=2840"},{"taxonomy":"post_tag","embeddable":true,"href":"https:\/\/stel.asu.cas.cz\/cs\/wp-json\/wp\/v2\/tags?post=2840"}],"curies":[{"name":"wp","href":"https:\/\/api.w.org\/{rel}","templated":true}]}}