{"id":2879,"date":"2023-12-05T09:59:44","date_gmt":"2023-12-05T08:59:44","guid":{"rendered":"https:\/\/stel.asu.cas.cz\/cs\/?p=2879"},"modified":"2023-12-05T09:59:44","modified_gmt":"2023-12-05T08:59:44","slug":"14-rocnik-mezinarodni-konference-o-rentgenove-optice-v-astronomii","status":"publish","type":"post","link":"https:\/\/stel.asu.cas.cz\/cs\/2023\/12\/05\/14-rocnik-mezinarodni-konference-o-rentgenove-optice-v-astronomii\/","title":{"rendered":"14. ro\u010dn\u00edk mezin\u00e1rodn\u00ed konference o\u00a0rentgenov\u00e9 optice v\u00a0astronomii"},"content":{"rendered":"\n<p>V Praze se od 4. do 8.\u00a0\u00a0prosince 2023 uskute\u010dn\u00ed za \u00fa\u010dasti p\u0159edn\u00edch sv\u011btov\u00fdch kapacit oboru mezin\u00e1rodn\u00ed setk\u00e1n\u00ed odborn\u00edk\u016f zab\u00fdvaj\u00edc\u00edch se rentgenovou astronomi\u00ed \u2013 AXRO 2023. C\u00edlem setk\u00e1n\u00ed je mj. diskutovat nejnov\u011bj\u0161\u00ed technologie pro budouc\u00ed rentgenov\u00e9 dru\u017eice.\u00a0<\/p>\n\n\n\n<p><strong>Organiz\u00e1tory pracovn\u00edho setk\u00e1n\u00ed AXRO<\/strong>&nbsp;(International Workshop on Astronomical X\u2013Ray Optics) jsou Astronomick\u00fd \u00fastav Akademie v\u011bd \u010cesk\u00e9 republiky a&nbsp;Fakulta elektrotechnick\u00e1 \u010cesk\u00e9ho vysok\u00e9ho u\u010den\u00ed technick\u00e9ho v&nbsp;Praze. Mezin\u00e1rodn\u00ed setk\u00e1n\u00ed prob\u011bhne v&nbsp;pra\u017esk\u00e9 Vile Lanna. Konference se z\u00fa\u010dastn\u00ed 47 odborn\u00edk\u016f ze&nbsp;6 zem\u00ed sv\u011bta \u2013 Evropy i&nbsp;USA, kte\u0159\u00ed p\u0159ednesou 45 p\u0159\u00edsp\u011bvk\u016f. Seznam v\u0161ech \u00fa\u010dastn\u00edc\u00edch se odborn\u00edk\u016f najdete <a href=\"https:\/\/www.asu.cas.cz\/%20https:\/axro.cz\/index.php\/conference\/participants\/\">v&nbsp;p\u0159ehledu zde<\/a>.&nbsp;Konference je ur\u010den\u00e1 z\u00e1stupc\u016fm v\u00fdzkumn\u00fdch organizac\u00ed, ale i&nbsp;inovativn\u00edch firem. Propojen\u00ed v\u011bdy a&nbsp;pr\u016fmyslu bude prezentov\u00e1no i&nbsp;spole\u010dn\u00fdmi prezentacemi.<\/p>\n\n\n\n<p><strong>Na konferenci budou konzultov\u00e1ny v\u011bdeck\u00e9 mise Evropsk\u00e9 kosmick\u00e9 agentury (ESA), v&nbsp;n\u011bkolika p\u0159\u00edpadech se spolu\u00fa\u010dast\u00ed t\u00fdm\u016f z&nbsp;\u010cR v\u010detn\u011b Astronomick\u00e9ho \u00fastavu AV&nbsp;\u010cR&nbsp;<\/strong>\u2013 nap\u0159.jde o&nbsp;p\u0159ipravovan\u00e9 kosmick\u00e9 mise ATHENA, SMILE a&nbsp;THESEUS. Sv\u00e9 p\u0159\u00edsp\u011bvky p\u0159ednesou i&nbsp;v\u00fdznamn\u00ed \u010de\u0161t\u00ed v\u011bdci v&nbsp;oboru rentgenov\u00e9 astronomie z&nbsp;Astronomick\u00e9ho \u00fastavu AV&nbsp;\u010cR \u2013 profesor Ren\u00e9 Hudec a&nbsp;profesor Vladim\u00edr Karas. Profesor Norbert Werner z&nbsp;Masarykovy univerzity p\u0159edstav\u00ed ryze \u010deskou ambici\u00f3zn\u00ed misi&nbsp;QUVIK (Quick Ultra-Violet Kilonova surveyor), jej\u00ed\u017e start se p\u0159edpokl\u00e1d\u00e1 do konce tohoto desetilet\u00ed.&nbsp;<strong>Podrobn\u00fd program<\/strong>&nbsp;je k&nbsp;dispozici <a href=\"https:\/\/axro.cz\/\">na webov\u00fdch str\u00e1nk\u00e1ch konference<\/a>.&nbsp;<strong>Abstrakty jednotliv\u00fdch p\u0159\u00edsp\u011bvk\u016f<\/strong>&nbsp;jsou <a href=\"https:\/\/axro.cz\/index.php\/conference\/list-of-abstracts\/\">k&nbsp;dispozici zde<\/a>.<\/p>\n\n\n\n<p><strong>Roz\u0161\u00ed\u0159en\u00ed pozorovac\u00edho okna do vesm\u00edru o&nbsp;rentgenov\u00fd obor spektra<\/strong>&nbsp;p\u0159ineslo v&nbsp;minulosti zcela kl\u00ed\u010dov\u00e9 poznatky o&nbsp;d\u011bj\u00edch ve vesm\u00edru, zejm\u00e9na t\u011bch, kde je hmota vystavena extr\u00e9mn\u00edm podm\u00ednk\u00e1m jako pr\u00e1v\u011b v&nbsp;bl\u00edzkosti ob\u0159\u00edch \u010dern\u00fdch d\u011br. Intenzivn\u00ed rentgenov\u00e9 z\u00e1\u0159en\u00ed produkuj\u00ed zejm\u00e9na syst\u00e9my, v&nbsp;nich\u017e proud\u00ed hmota na neutronovou hv\u011bzdu, \u010dernou d\u00edru nebo na b\u00edl\u00e9ho trpasl\u00edka. Ve vzd\u00e1len\u00e9m vesm\u00edru (tedy v&nbsp;jin\u00fdch galaxi\u00edch) pak jde \u010dasto o&nbsp;objekty, v&nbsp;nich\u017e pr\u00e1v\u011b prob\u00edh\u00e1 tzv. gama z\u00e1blesk (tedy prob\u00edh\u00e1 zvl\u00e1\u0161tn\u00ed druh supernovy, p\u0159\u00edpadn\u011b kolize dvou kompaktn\u00edch objekt\u016f). Dal\u0161\u00edm druhem zdroj\u016f rentgenov\u00e9ho z\u00e1\u0159en\u00ed jsou aktivn\u00ed galaktick\u00e1 j\u00e1dra.<\/p>\n\n\n\n<p><strong>V\u00fdvoj rentgenov\u00e9 kosmick\u00e9 optiky m\u00e1 v&nbsp;\u010cesk\u00e9 republice dlouhou tradici a&nbsp;\u010de\u0161t\u00ed v\u011bdci v&nbsp;tomto oboru dos\u00e1hli mezin\u00e1rodn\u011b uzn\u00e1van\u00fdch v\u00fdsledk\u016f.<\/strong>&nbsp;Prvn\u00ed \u010desk\u00fd astronomick\u00fd rentgenov\u00fd objektiv byl vyroben v&nbsp;roce 1970 \u2013 \u0161lo o&nbsp;optiku o&nbsp;pr\u016fm\u011bru 50 mm k&nbsp;zobrazen\u00ed Slunce v&nbsp;rentgenov\u00e9m z\u00e1\u0159en\u00ed z&nbsp;paluby v\u00fd\u0161kov\u00e9 rakety Vertikal. Konference AXRO konan\u00e1 v\u017edy v&nbsp;Praze v&nbsp;adventn\u00ed \u010das m\u00e1 ji\u017e dlouhou tradici, leto\u0161n\u00ed ro\u010dn\u00edk je ji\u017e \u010dtrn\u00e1ct\u00fd, \u0159ad\u00ed se k&nbsp;celosv\u011btov\u011b respektovan\u00fdm akc\u00edm a&nbsp;setk\u00e1n\u00edm \u0161pi\u010dkov\u00fdch odborn\u00edk\u016f dan\u00e9ho oboru a&nbsp;dokl\u00e1d\u00e1 mezin\u00e1rodn\u00ed uzn\u00e1n\u00ed a&nbsp;renom\u00e9 \u010desk\u00fdch v\u011bdc\u016f z&nbsp;Astronomick\u00e9ho \u00fastavu AV&nbsp;\u010cR.na poli astrofyziky vysok\u00fdch energi\u00ed<em><strong>.&nbsp;<\/strong><\/em><\/p>\n\n\n\n<h4 class=\"wp-block-heading\">Kontakty a\u00a0dal\u0161\u00ed informace:<\/h4>\n\n\n\n<ul class=\"wp-block-list\">\n<li>Web konference:\u00a0<a href=\"http:\/\/www.axro.cz\/\">www.axro.cz<\/a><\/li>\n\n\n\n<li>prof. RNDr. Ren\u00e9 Hudec, CSc., <em>Astronomick\u00fd \u00fastav AV\u00a0\u010cR<\/em>; Tel.: 731\u00a0502 542; E-mail:\u00a0<a href=\"mailto:rhudec@asu.cas.cz\">rene.hudec@asu.cas.cz<\/a>,\u00a0<a href=\"mailto:rene.hudec@gmail.com\">rene.hudec@gmail.com<\/a><\/li>\n\n\n\n<li>Pavel Suchan; Tiskov\u00fd tajemn\u00edk Astronomick\u00e9ho \u00fastavu AV\u00a0\u010cR; Email:\u00a0<a href=\"mailto:suchan@astro.cz\">suchan@astro.cz<\/a>; Tel: 737\u00a0322\u00a0815<\/li>\n\n\n\n<li>Tiskov\u00e1 zpr\u00e1va ke sta\u017een\u00ed v <a rel=\"noreferrer noopener\" href=\"https:\/\/www.asu.cas.cz\/files\/articles\/2023\/02203-14-rocnik-mezinarodni-konference-o\/tz-axro-2023-final.doc\" target=\"_blank\">DOC<\/a><\/li>\n<\/ul>\n","protected":false},"excerpt":{"rendered":"<p>V Praze se od 4. do 8.\u00a0\u00a0prosince 2023 uskute\u010dn\u00ed za \u00fa\u010dasti p\u0159edn\u00edch sv\u011btov\u00fdch kapacit oboru mezin\u00e1rodn\u00ed setk\u00e1n\u00ed odborn\u00edk\u016f zab\u00fdvaj\u00edc\u00edch se rentgenovou astronomi\u00ed \u2013 AXRO 2023.<\/p>\n","protected":false},"author":1,"featured_media":2881,"comment_status":"closed","ping_status":"closed","sticky":false,"template":"","format":"standard","meta":{"footnotes":""},"categories":[32,36,39],"tags":[],"class_list":["post-2879","post","type-post","status-publish","format-standard","has-post-thumbnail","hentry","category-novinky","category-oddeleni","category-vysoke-energie"],"_links":{"self":[{"href":"https:\/\/stel.asu.cas.cz\/cs\/wp-json\/wp\/v2\/posts\/2879","targetHints":{"allow":["GET"]}}],"collection":[{"href":"https:\/\/stel.asu.cas.cz\/cs\/wp-json\/wp\/v2\/posts"}],"about":[{"href":"https:\/\/stel.asu.cas.cz\/cs\/wp-json\/wp\/v2\/types\/post"}],"author":[{"embeddable":true,"href":"https:\/\/stel.asu.cas.cz\/cs\/wp-json\/wp\/v2\/users\/1"}],"replies":[{"embeddable":true,"href":"https:\/\/stel.asu.cas.cz\/cs\/wp-json\/wp\/v2\/comments?post=2879"}],"version-history":[{"count":1,"href":"https:\/\/stel.asu.cas.cz\/cs\/wp-json\/wp\/v2\/posts\/2879\/revisions"}],"predecessor-version":[{"id":2880,"href":"https:\/\/stel.asu.cas.cz\/cs\/wp-json\/wp\/v2\/posts\/2879\/revisions\/2880"}],"wp:featuredmedia":[{"embeddable":true,"href":"https:\/\/stel.asu.cas.cz\/cs\/wp-json\/wp\/v2\/media\/2881"}],"wp:attachment":[{"href":"https:\/\/stel.asu.cas.cz\/cs\/wp-json\/wp\/v2\/media?parent=2879"}],"wp:term":[{"taxonomy":"category","embeddable":true,"href":"https:\/\/stel.asu.cas.cz\/cs\/wp-json\/wp\/v2\/categories?post=2879"},{"taxonomy":"post_tag","embeddable":true,"href":"https:\/\/stel.asu.cas.cz\/cs\/wp-json\/wp\/v2\/tags?post=2879"}],"curies":[{"name":"wp","href":"https:\/\/api.w.org\/{rel}","templated":true}]}}