{"id":3055,"date":"2024-02-28T10:55:06","date_gmt":"2024-02-28T09:55:06","guid":{"rendered":"https:\/\/stel.asu.cas.cz\/cs\/?p=3055"},"modified":"2024-02-28T10:55:07","modified_gmt":"2024-02-28T09:55:07","slug":"evropska-jizni-observator-kralovna-astronomie","status":"publish","type":"post","link":"https:\/\/stel.asu.cas.cz\/cs\/2024\/02\/28\/evropska-jizni-observator-kralovna-astronomie\/","title":{"rendered":"Evropsk\u00e1 ji\u017en\u00ed observato\u0159 \u2013 kr\u00e1lovna astronomie"},"content":{"rendered":"\n<p>Hv\u011bzd\u00e1rna a planet\u00e1rium Brno spole\u010dn\u011b se skupinou ESON-Czech propaguj\u00edc\u00ed \u010dinnost Evropsk\u00e9 ji\u017en\u00ed observato\u0159e uspo\u0159\u00e1daly ve dnech 22.\u201324. 2. 2024 s\u00e9rii p\u0159edn\u00e1\u0161ek a doprovodn\u00fdch program\u016f s t\u00e9matikou v\u00fdzkumu vesm\u00edru pod hlavi\u010dkou ESO. <\/p>\n\n\n\n<p>Na akci vystoupil Marek Skarka (Stel\u00e1rn\u00edho odd\u011blen\u00ed ASU), spole\u010dn\u011b s Ji\u0159\u00edm \u017d\u00e1kem<br>(ESO, Garching) p\u0159edstavili v\u00fdzkum extrasol\u00e1rn\u00edch planet v p\u0159\u00edsp\u011bvku &#8218;ESO ve v\u00fdzkumu exoplanet&#8216;.<\/p>\n\n\n\n<ul class=\"wp-block-list\">\n<li><a href=\"https:\/\/www.hvezdarna.cz\/novinky\/evropska-jizni-observator-kralovna-astronomie\/.\" target=\"_blank\" rel=\"noreferrer noopener\">Program p\u0159edn\u00e1\u0161ek na Hv\u011bzd\u00e1rn\u011b a\u00a0planet\u00e1riu Brno<\/a><\/li>\n\n\n\n<li><a href=\"https:\/\/www.asu.cas.cz\/articles\/2238\/19\/evropska-jizni-observator-serial-prednasek-22-24-2-2024-v-brne\" target=\"_blank\" rel=\"noreferrer noopener\">web ASU<\/a><\/li>\n<\/ul>\n\n\n\n<p><\/p>\n","protected":false},"excerpt":{"rendered":"<p>Hv\u011bzd\u00e1rna a planet\u00e1rium Brno spole\u010dn\u011b se skupinou ESON-Czech propaguj\u00edc\u00ed \u010dinnost Evropsk\u00e9 ji\u017en\u00ed observato\u0159e uspo\u0159\u00e1daly ve dnech 22.\u201324. 2. 2024 s\u00e9rii p\u0159edn\u00e1\u0161ek a doprovodn\u00fdch program\u016f s<\/p>\n","protected":false},"author":1,"featured_media":3059,"comment_status":"closed","ping_status":"closed","sticky":false,"template":"","format":"standard","meta":{"footnotes":""},"categories":[38,32,36],"tags":[],"class_list":["post-3055","post","type-post","status-publish","format-standard","has-post-thumbnail","hentry","category-exoplanety","category-novinky","category-oddeleni"],"_links":{"self":[{"href":"https:\/\/stel.asu.cas.cz\/cs\/wp-json\/wp\/v2\/posts\/3055","targetHints":{"allow":["GET"]}}],"collection":[{"href":"https:\/\/stel.asu.cas.cz\/cs\/wp-json\/wp\/v2\/posts"}],"about":[{"href":"https:\/\/stel.asu.cas.cz\/cs\/wp-json\/wp\/v2\/types\/post"}],"author":[{"embeddable":true,"href":"https:\/\/stel.asu.cas.cz\/cs\/wp-json\/wp\/v2\/users\/1"}],"replies":[{"embeddable":true,"href":"https:\/\/stel.asu.cas.cz\/cs\/wp-json\/wp\/v2\/comments?post=3055"}],"version-history":[{"count":2,"href":"https:\/\/stel.asu.cas.cz\/cs\/wp-json\/wp\/v2\/posts\/3055\/revisions"}],"predecessor-version":[{"id":3057,"href":"https:\/\/stel.asu.cas.cz\/cs\/wp-json\/wp\/v2\/posts\/3055\/revisions\/3057"}],"wp:featuredmedia":[{"embeddable":true,"href":"https:\/\/stel.asu.cas.cz\/cs\/wp-json\/wp\/v2\/media\/3059"}],"wp:attachment":[{"href":"https:\/\/stel.asu.cas.cz\/cs\/wp-json\/wp\/v2\/media?parent=3055"}],"wp:term":[{"taxonomy":"category","embeddable":true,"href":"https:\/\/stel.asu.cas.cz\/cs\/wp-json\/wp\/v2\/categories?post=3055"},{"taxonomy":"post_tag","embeddable":true,"href":"https:\/\/stel.asu.cas.cz\/cs\/wp-json\/wp\/v2\/tags?post=3055"}],"curies":[{"name":"wp","href":"https:\/\/api.w.org\/{rel}","templated":true}]}}