{"id":3077,"date":"2024-05-21T16:27:31","date_gmt":"2024-05-21T14:27:31","guid":{"rendered":"https:\/\/stel.asu.cas.cz\/cs\/?p=3077"},"modified":"2024-05-21T16:27:31","modified_gmt":"2024-05-21T14:27:31","slug":"dny-otevrenych-dveri-asu-ondrejov-2024","status":"publish","type":"post","link":"https:\/\/stel.asu.cas.cz\/cs\/2024\/05\/21\/dny-otevrenych-dveri-asu-ondrejov-2024\/","title":{"rendered":"Dny otev\u0159en\u00fdch dve\u0159\u00ed ASU Ond\u0159ejov 2024"},"content":{"rendered":"\n<p>Ve dnech 17. a 18. kv\u011btna 2023 se na hv\u011bzd\u00e1rn\u011b ASU v Ond\u0159ejov\u011b uskute\u010dnila obl\u00edben\u00e1 akce pro ve\u0159ejnost &#8222;Dny otev\u0159en\u00fdch dve\u0159\u00ed&#8220;. Na programu se pod\u00edleli tak\u00e9 v\u011bdci, studenti a techni\u010dt\u00ed pracovn\u00edci ze Stel\u00e1rn\u00edho odd\u011blen\u00ed.<\/p>\n\n\n\n<ul class=\"wp-block-list\" id=\"block-3cb5cae2-1015-48ab-ae4e-c2b356f5bbbc\">\n<li><a href=\"https:\/\/www.asu.cas.cz\/articles\/2230\/19\/dny-otevrenych-dveri-na-observatori-v-ondrejove-17-a-18-kvetna\" target=\"_blank\" rel=\"noreferrer noopener\">Dny otev\u0159en\u00fdch dve\u0159\u00ed na observato\u0159i v\u00a0Ond\u0159ejov\u011b 17. a\u00a018. kv\u011btna &#8211; program na webu ASU<\/a><\/li>\n\n\n\n<li><a href=\"https:\/\/stel.asu.cas.cz\/~gallery\/DOD-2024\/\" target=\"_blank\" rel=\"noreferrer noopener\">Fotogalerie Stel\u00e1rn\u00edho odd\u011blen\u00ed<\/a><\/li>\n<\/ul>\n","protected":false},"excerpt":{"rendered":"<p>Ve dnech 17. a 18. kv\u011btna 2023 se na hv\u011bzd\u00e1rn\u011b ASU v Ond\u0159ejov\u011b uskute\u010dnila obl\u00edben\u00e1 akce pro ve\u0159ejnost &#8222;Dny otev\u0159en\u00fdch dve\u0159\u00ed&#8220;. Na programu se pod\u00edleli<\/p>\n","protected":false},"author":1,"featured_media":3079,"comment_status":"closed","ping_status":"closed","sticky":false,"template":"","format":"standard","meta":{"footnotes":""},"categories":[32,36,35],"tags":[],"class_list":["post-3077","post","type-post","status-publish","format-standard","has-post-thumbnail","hentry","category-novinky","category-oddeleni","category-popularizace"],"_links":{"self":[{"href":"https:\/\/stel.asu.cas.cz\/cs\/wp-json\/wp\/v2\/posts\/3077","targetHints":{"allow":["GET"]}}],"collection":[{"href":"https:\/\/stel.asu.cas.cz\/cs\/wp-json\/wp\/v2\/posts"}],"about":[{"href":"https:\/\/stel.asu.cas.cz\/cs\/wp-json\/wp\/v2\/types\/post"}],"author":[{"embeddable":true,"href":"https:\/\/stel.asu.cas.cz\/cs\/wp-json\/wp\/v2\/users\/1"}],"replies":[{"embeddable":true,"href":"https:\/\/stel.asu.cas.cz\/cs\/wp-json\/wp\/v2\/comments?post=3077"}],"version-history":[{"count":1,"href":"https:\/\/stel.asu.cas.cz\/cs\/wp-json\/wp\/v2\/posts\/3077\/revisions"}],"predecessor-version":[{"id":3078,"href":"https:\/\/stel.asu.cas.cz\/cs\/wp-json\/wp\/v2\/posts\/3077\/revisions\/3078"}],"wp:featuredmedia":[{"embeddable":true,"href":"https:\/\/stel.asu.cas.cz\/cs\/wp-json\/wp\/v2\/media\/3079"}],"wp:attachment":[{"href":"https:\/\/stel.asu.cas.cz\/cs\/wp-json\/wp\/v2\/media?parent=3077"}],"wp:term":[{"taxonomy":"category","embeddable":true,"href":"https:\/\/stel.asu.cas.cz\/cs\/wp-json\/wp\/v2\/categories?post=3077"},{"taxonomy":"post_tag","embeddable":true,"href":"https:\/\/stel.asu.cas.cz\/cs\/wp-json\/wp\/v2\/tags?post=3077"}],"curies":[{"name":"wp","href":"https:\/\/api.w.org\/{rel}","templated":true}]}}