{"id":3080,"date":"2024-05-24T09:42:11","date_gmt":"2024-05-24T07:42:11","guid":{"rendered":"https:\/\/stel.asu.cas.cz\/cs\/?p=3080"},"modified":"2024-05-24T14:56:33","modified_gmt":"2024-05-24T12:56:33","slug":"zrcadlo-perkova-dalekohledu-se-vydalo-do-nemecka-k-novemu-pokoveni","status":"publish","type":"post","link":"https:\/\/stel.asu.cas.cz\/cs\/2024\/05\/24\/zrcadlo-perkova-dalekohledu-se-vydalo-do-nemecka-k-novemu-pokoveni\/","title":{"rendered":"Zrcadlo Perkova dalekohledu se vydalo do N\u011bmecka k nov\u00e9mu pokoven\u00ed"},"content":{"rendered":"\n<p>P\u0159i prohl\u00eddk\u00e1ch ond\u0159ejovsk\u00e9 hv\u011bzd\u00e1rny v\u00e1m v\u017edy vypr\u00e1v\u00edme, jak se zrcadlov\u00fd objektiv nejv\u011bt\u0161\u00edho \u010desk\u00e9ho dalekohledu jednou za p\u00e1r rok\u016f vynd\u00e1 z&nbsp;dalekohledu, aby se odvezlo na nov\u00e9 pokoven\u00ed do N\u011bmecka. Co tomu p\u0159edch\u00e1zelo a&nbsp;jak je to n\u00e1ro\u010dn\u00e9, i&nbsp;kdy\u017e to z&nbsp;videa vypad\u00e1 tak snadn\u011b, se m\u016f\u017eete pod\u00edvat v&nbsp;\u010dasosb\u011brn\u00fdch vide\u00edch a fotografi\u00edch po\u0159\u00edzen\u00fdch b\u011bhem demont\u00e1\u017ee. Uvid\u00edte tam dalekohled v&nbsp;tzv. servisn\u00ed poloze podep\u0159en\u00fd modr\u00fdmi ty\u010demi, poj\u00edzdnou plo\u0161inu, obj\u00edmku zrcadla, pohyb kopule, je\u0159\u00e1b zvedaj\u00edc\u00ed t\u011b\u017ek\u00e9 d\u00edly, ostatn\u011b samotn\u00e9 zrcadlo m\u00e1 hmotnost 2 400 kg. Je to v\u017edy jedna z&nbsp;nejn\u00e1ro\u010dn\u011bj\u0161\u00edch prac\u00ed s&nbsp;t\u00edmhle kolos\u00e1ln\u00edm dalekohledem.&nbsp;<\/p>\n\n\n\n<figure class=\"wp-block-video\"><video controls src=\"https:\/\/stel.asu.cas.cz\/cs\/wp-content\/uploads\/2024\/05\/video-cas.mp4\"><\/video><figcaption class=\"wp-element-caption\">Demont\u00e1\u017e zrcadla Perkova dalekohledu (P. Gajdo\u0161)<\/figcaption><\/figure>\n\n\n\n<hr class=\"wp-block-separator has-text-color has-pale-cyan-blue-color has-alpha-channel-opacity has-pale-cyan-blue-background-color has-background\"\/>\n\n\n\n<figure class=\"wp-block-video\"><video controls src=\"https:\/\/stel.asu.cas.cz\/cs\/wp-content\/uploads\/2024\/05\/perek-vyjmuti-zrcadla-2024_x264.mp4\"><\/video><figcaption class=\"wp-element-caption\">Demont\u00e1\u017e zrcadla Perkova dalekohledu (J. Srba)<\/figcaption><\/figure>\n\n\n\n<hr class=\"wp-block-separator has-text-color has-pale-cyan-blue-color has-alpha-channel-opacity has-pale-cyan-blue-background-color has-background\"\/>\n\n\n\n<ul class=\"wp-block-list\">\n<li><a href=\"https:\/\/stel.asu.cas.cz\/~gallery\/pokoveni2024\/\" target=\"_blank\" rel=\"noreferrer noopener\">Fotogalerie<\/a><\/li>\n<\/ul>\n","protected":false},"excerpt":{"rendered":"<p>P\u0159i prohl\u00eddk\u00e1ch ond\u0159ejovsk\u00e9 hv\u011bzd\u00e1rny v\u00e1m v\u017edy vypr\u00e1v\u00edme, jak se zrcadlov\u00fd objektiv nejv\u011bt\u0161\u00edho \u010desk\u00e9ho dalekohledu jednou za p\u00e1r rok\u016f vynd\u00e1 z&nbsp;dalekohledu, aby se odvezlo na nov\u00e9<\/p>\n","protected":false},"author":1,"featured_media":3086,"comment_status":"closed","ping_status":"closed","sticky":false,"template":"","format":"standard","meta":{"footnotes":""},"categories":[32,36,43],"tags":[],"class_list":["post-3080","post","type-post","status-publish","format-standard","has-post-thumbnail","hentry","category-novinky","category-oddeleni","category-perek-2m"],"_links":{"self":[{"href":"https:\/\/stel.asu.cas.cz\/cs\/wp-json\/wp\/v2\/posts\/3080","targetHints":{"allow":["GET"]}}],"collection":[{"href":"https:\/\/stel.asu.cas.cz\/cs\/wp-json\/wp\/v2\/posts"}],"about":[{"href":"https:\/\/stel.asu.cas.cz\/cs\/wp-json\/wp\/v2\/types\/post"}],"author":[{"embeddable":true,"href":"https:\/\/stel.asu.cas.cz\/cs\/wp-json\/wp\/v2\/users\/1"}],"replies":[{"embeddable":true,"href":"https:\/\/stel.asu.cas.cz\/cs\/wp-json\/wp\/v2\/comments?post=3080"}],"version-history":[{"count":4,"href":"https:\/\/stel.asu.cas.cz\/cs\/wp-json\/wp\/v2\/posts\/3080\/revisions"}],"predecessor-version":[{"id":3089,"href":"https:\/\/stel.asu.cas.cz\/cs\/wp-json\/wp\/v2\/posts\/3080\/revisions\/3089"}],"wp:featuredmedia":[{"embeddable":true,"href":"https:\/\/stel.asu.cas.cz\/cs\/wp-json\/wp\/v2\/media\/3086"}],"wp:attachment":[{"href":"https:\/\/stel.asu.cas.cz\/cs\/wp-json\/wp\/v2\/media?parent=3080"}],"wp:term":[{"taxonomy":"category","embeddable":true,"href":"https:\/\/stel.asu.cas.cz\/cs\/wp-json\/wp\/v2\/categories?post=3080"},{"taxonomy":"post_tag","embeddable":true,"href":"https:\/\/stel.asu.cas.cz\/cs\/wp-json\/wp\/v2\/tags?post=3080"}],"curies":[{"name":"wp","href":"https:\/\/api.w.org\/{rel}","templated":true}]}}