{"id":3132,"date":"2024-06-28T10:27:06","date_gmt":"2024-06-28T08:27:06","guid":{"rendered":"https:\/\/stel.asu.cas.cz\/cs\/?p=3132"},"modified":"2024-06-28T10:29:26","modified_gmt":"2024-06-28T08:29:26","slug":"cesti-vedci-objevili-hnedeho-trpaslika-ktery-byl-jeste-nedavno-exoplanetou","status":"publish","type":"post","link":"https:\/\/stel.asu.cas.cz\/cs\/2024\/06\/28\/cesti-vedci-objevili-hnedeho-trpaslika-ktery-byl-jeste-nedavno-exoplanetou\/","title":{"rendered":"\u010ce\u0161t\u00ed v\u011bdci objevili hn\u011bd\u00e9ho trpasl\u00edka, kter\u00fd byl je\u0161t\u011b ned\u00e1vno exoplanetou"},"content":{"rendered":"\n<p>Exoplaneta\u00a0\/\u00a0hn\u011bd\u00fd trpasl\u00edk\u00a0BD-14 3065b m\u00e1 na sv\u016fj v\u011bk ne\u010dekan\u011b\u00a0velk\u00fd polom\u011br, kter\u00fd nazna\u010duje, \u017ee v\u00a0n\u00ed\u00a0doch\u00e1z\u00ed ke\u00a0spalov\u00e1n\u00ed\u00a0deut\u00e9ria.\u00a0Jde o\u00a0proces, kter\u00fd d\u011bl\u00e1 z exoplanet hn\u011bd\u00e9\u00a0trpasl\u00edky.<\/p>\n\n\n\n<p>Podrobnosti o sv\u00e9 pr\u00e1ci se vysv\u011btluje Dr. J\u00e1n \u0160ubjak ze Stel\u00e1rn\u00edho odd\u011blen\u00ed Astronomick\u00e9ho \u00fastavu Akademie v\u011bd \u010cesk\u00e9 republiky, kter\u00fd je hlavn\u00edm autorem studie p\u0159ijat\u00e9 k publikaci ve v\u011bdeck\u00e9m \u010dasopise Astronomy &amp; Astrophysics.<\/p>\n\n\n\n<p><a href=\"https:\/\/www.asu.cas.cz\/articles\/2291\/19\/cesti-vedci-objevili-hnedeho-trpaslika-ktery-byl-jeste-nedavno-exoplanetou\" target=\"_blank\" rel=\"noreferrer noopener\">Pokra\u010dov\u00e1n\u00ed na webu ASU<\/a><\/p>\n\n\n\n<h4 class=\"wp-block-heading\">Dal\u0161\u00ed informace a kontakty<\/h4>\n\n\n\n<ul class=\"wp-block-list\">\n<li><a href=\"https:\/\/www.asu.cas.cz\/files\/articles\/2024\/02291-cesti-vedci-objevili-hnedeho-trpaslika\/tz-trpaslik.docx\" target=\"_blank\" rel=\"noreferrer noopener\">Tiskov\u00e1 zpr\u00e1va ASU<\/a><\/li>\n\n\n\n<li>Odkazy na publikovanou v\u011bdeckou pr\u00e1ci: <a href=\"https:\/\/ui.adsabs.harvard.edu\/abs\/2024arXiv240312311S\/abstract\" target=\"_blank\" rel=\"noreferrer noopener\">2024arXiv240312311S\/abstract<\/a>; <a href=\"https:\/\/arxiv.org\/abs\/2403.12311\" target=\"_blank\" rel=\"noreferrer noopener\">arxiv.org\/abs\/2403.12311<\/a><\/li>\n\n\n\n<li>Dr. J\u00e1n \u0160ubjak &#8211;\u00a0Astronomick\u00fd \u00fastav AV\u00a0\u010cR, Stel\u00e1rn\u00ed odd\u011blen\u00ed, skupina exoplanet,\u00a0jan.subjak@asu.cas.cz<\/li>\n\n\n\n<li>Pavel Suchan &#8211;\u00a0tiskov\u00fd tajemn\u00edk Astronomick\u00e9ho \u00fastavu AV\u00a0\u010cR,\u00a0suchan@astro.cz,\u00a0+420 737 322 815<\/li>\n<\/ul>\n\n\n\n<p><\/p>\n","protected":false},"excerpt":{"rendered":"<p>Exoplaneta\u00a0\/\u00a0hn\u011bd\u00fd trpasl\u00edk\u00a0BD-14 3065b m\u00e1 na sv\u016fj v\u011bk ne\u010dekan\u011b\u00a0velk\u00fd polom\u011br, kter\u00fd nazna\u010duje, \u017ee v\u00a0n\u00ed\u00a0doch\u00e1z\u00ed ke\u00a0spalov\u00e1n\u00ed\u00a0deut\u00e9ria.\u00a0Jde o\u00a0proces, kter\u00fd d\u011bl\u00e1 z exoplanet hn\u011bd\u00e9\u00a0trpasl\u00edky. Podrobnosti o sv\u00e9 pr\u00e1ci se<\/p>\n","protected":false},"author":1,"featured_media":3134,"comment_status":"closed","ping_status":"closed","sticky":false,"template":"","format":"standard","meta":{"footnotes":""},"categories":[38,32],"tags":[],"class_list":["post-3132","post","type-post","status-publish","format-standard","has-post-thumbnail","hentry","category-exoplanety","category-novinky"],"_links":{"self":[{"href":"https:\/\/stel.asu.cas.cz\/cs\/wp-json\/wp\/v2\/posts\/3132","targetHints":{"allow":["GET"]}}],"collection":[{"href":"https:\/\/stel.asu.cas.cz\/cs\/wp-json\/wp\/v2\/posts"}],"about":[{"href":"https:\/\/stel.asu.cas.cz\/cs\/wp-json\/wp\/v2\/types\/post"}],"author":[{"embeddable":true,"href":"https:\/\/stel.asu.cas.cz\/cs\/wp-json\/wp\/v2\/users\/1"}],"replies":[{"embeddable":true,"href":"https:\/\/stel.asu.cas.cz\/cs\/wp-json\/wp\/v2\/comments?post=3132"}],"version-history":[{"count":5,"href":"https:\/\/stel.asu.cas.cz\/cs\/wp-json\/wp\/v2\/posts\/3132\/revisions"}],"predecessor-version":[{"id":3139,"href":"https:\/\/stel.asu.cas.cz\/cs\/wp-json\/wp\/v2\/posts\/3132\/revisions\/3139"}],"wp:featuredmedia":[{"embeddable":true,"href":"https:\/\/stel.asu.cas.cz\/cs\/wp-json\/wp\/v2\/media\/3134"}],"wp:attachment":[{"href":"https:\/\/stel.asu.cas.cz\/cs\/wp-json\/wp\/v2\/media?parent=3132"}],"wp:term":[{"taxonomy":"category","embeddable":true,"href":"https:\/\/stel.asu.cas.cz\/cs\/wp-json\/wp\/v2\/categories?post=3132"},{"taxonomy":"post_tag","embeddable":true,"href":"https:\/\/stel.asu.cas.cz\/cs\/wp-json\/wp\/v2\/tags?post=3132"}],"curies":[{"name":"wp","href":"https:\/\/api.w.org\/{rel}","templated":true}]}}