{"id":3192,"date":"2024-09-17T10:36:58","date_gmt":"2024-09-17T08:36:58","guid":{"rendered":"https:\/\/stel.asu.cas.cz\/cs\/?p=3192"},"modified":"2024-10-04T13:58:46","modified_gmt":"2024-10-04T11:58:46","slug":"zprava-o-letni-stazi-na-stelarnim-oddeleni","status":"publish","type":"post","link":"https:\/\/stel.asu.cas.cz\/cs\/2024\/09\/17\/zprava-o-letni-stazi-na-stelarnim-oddeleni\/","title":{"rendered":"Zpr\u00e1va o\u00a0letn\u00ed st\u00e1\u017ei na Stel\u00e1rn\u00edm odd\u011blen\u00ed"},"content":{"rendered":"\n<p>&#8222;Mohl jsem si tak ujasnit, \u017ee astronomie je pro m\u011b ten spr\u00e1vn\u00fd obor, kter\u00e9mu se chci v\u011bnovat a&nbsp;za n\u011bkolik let ho i&nbsp;studovat na vysok\u00e9 \u0161kole. S&nbsp;Astronomick\u00fdm \u00fastavem nyn\u00ed pl\u00e1nuji spolupracovat i&nbsp;nad\u00e1le p\u0159i psan\u00ed odborn\u00e9 pr\u00e1ce a&nbsp;p\u0159\u00ed\u0161t\u00ed rok v&nbsp;l\u00e9t\u011b zde snad str\u00e1vit i&nbsp;dal\u0161\u00ed poveden\u00fd t\u00fdden&#8220;, \u0159\u00edk\u00e1 student Jan Herzig a&nbsp;pokra\u010duje &#8230;<\/p>\n\n\n\n<p>V polovin\u011b srpna jsem dostal mo\u017enost pod\u00edvat se na cel\u00fd t\u00fdden na Astronomick\u00fd \u00fastav AV&nbsp;\u010cR prost\u0159ednictv\u00edm st\u00e1\u017ee na jeho Stel\u00e1rn\u00edm odd\u011blen\u00ed.&nbsp;<\/p>\n\n\n\n<p>V leto\u0161n\u00edm roce nav\u0161t\u011bvuji sextu osmilet\u00e9ho studia na Gymn\u00e1ziu J. \u0160. Baara v&nbsp;Doma\u017elic\u00edch a&nbsp;o astronomii se zaj\u00edm\u00e1m u\u017e n\u011bkolik let. Spolu se sv\u00fdm kamar\u00e1dem Alexem Faivrem, kter\u00fd nav\u0161t\u011bvuje kvintu gymn\u00e1zia v&nbsp;Uhersk\u00e9m Brod\u011b, jsme se v&nbsp;\u010dervnu obr\u00e1tili na Astronomick\u00fd \u00fastav, zdali by se pro n\u00e1s nena\u0161el n\u011bkdy v&nbsp;l\u00e9t\u011b na jednom z&nbsp;jeho pracovi\u0161\u0165 \u010das, abychom mohli bl\u00ed\u017ee nahl\u00e9dnout na to, jak prob\u00edh\u00e1 opravdov\u00e1 pr\u00e1ce astronoma. K&nbsp;na\u0161\u00ed velk\u00e9 radosti se tento \u010das opravdu na\u0161el a&nbsp;my jsme tak v&nbsp;polovin\u011b srpna mohli vyrazit do Ond\u0159ejova.&nbsp;<\/p>\n\n\n\n<p>Pokra\u010dov\u00e1n\u00ed: <a href=\"https:\/\/www.asu.cas.cz\/articles\/2311\/19\/zprava-o-letni-stazi-na-stelarnim-oddeleni\" target=\"_blank\" rel=\"noreferrer noopener\">Web ASU<\/a><\/p>\n\n\n\n<p><\/p>\n","protected":false},"excerpt":{"rendered":"<p>&#8222;Mohl jsem si tak ujasnit, \u017ee astronomie je pro m\u011b ten spr\u00e1vn\u00fd obor, kter\u00e9mu se chci v\u011bnovat a&nbsp;za n\u011bkolik let ho i&nbsp;studovat na vysok\u00e9 \u0161kole.<\/p>\n","protected":false},"author":1,"featured_media":3193,"comment_status":"closed","ping_status":"closed","sticky":false,"template":"","format":"standard","meta":{"footnotes":""},"categories":[32,36],"tags":[],"class_list":["post-3192","post","type-post","status-publish","format-standard","has-post-thumbnail","hentry","category-novinky","category-oddeleni"],"_links":{"self":[{"href":"https:\/\/stel.asu.cas.cz\/cs\/wp-json\/wp\/v2\/posts\/3192","targetHints":{"allow":["GET"]}}],"collection":[{"href":"https:\/\/stel.asu.cas.cz\/cs\/wp-json\/wp\/v2\/posts"}],"about":[{"href":"https:\/\/stel.asu.cas.cz\/cs\/wp-json\/wp\/v2\/types\/post"}],"author":[{"embeddable":true,"href":"https:\/\/stel.asu.cas.cz\/cs\/wp-json\/wp\/v2\/users\/1"}],"replies":[{"embeddable":true,"href":"https:\/\/stel.asu.cas.cz\/cs\/wp-json\/wp\/v2\/comments?post=3192"}],"version-history":[{"count":1,"href":"https:\/\/stel.asu.cas.cz\/cs\/wp-json\/wp\/v2\/posts\/3192\/revisions"}],"predecessor-version":[{"id":3194,"href":"https:\/\/stel.asu.cas.cz\/cs\/wp-json\/wp\/v2\/posts\/3192\/revisions\/3194"}],"wp:featuredmedia":[{"embeddable":true,"href":"https:\/\/stel.asu.cas.cz\/cs\/wp-json\/wp\/v2\/media\/3193"}],"wp:attachment":[{"href":"https:\/\/stel.asu.cas.cz\/cs\/wp-json\/wp\/v2\/media?parent=3192"}],"wp:term":[{"taxonomy":"category","embeddable":true,"href":"https:\/\/stel.asu.cas.cz\/cs\/wp-json\/wp\/v2\/categories?post=3192"},{"taxonomy":"post_tag","embeddable":true,"href":"https:\/\/stel.asu.cas.cz\/cs\/wp-json\/wp\/v2\/tags?post=3192"}],"curies":[{"name":"wp","href":"https:\/\/api.w.org\/{rel}","templated":true}]}}