{"id":3228,"date":"2024-11-13T09:26:28","date_gmt":"2024-11-13T08:26:28","guid":{"rendered":"https:\/\/stel.asu.cas.cz\/cs\/?p=3228"},"modified":"2024-11-13T09:42:26","modified_gmt":"2024-11-13T08:42:26","slug":"v-praze-zacina-15-rocnik-mezinarodni-konference-o-rentgenove-optice-v-astronomii","status":"publish","type":"post","link":"https:\/\/stel.asu.cas.cz\/cs\/2024\/11\/13\/v-praze-zacina-15-rocnik-mezinarodni-konference-o-rentgenove-optice-v-astronomii\/","title":{"rendered":"V Praze za\u010d\u00edn\u00e1 15. ro\u010dn\u00edk mezin\u00e1rodn\u00ed konference o\u00a0rentgenov\u00e9 optice v\u00a0astronomii"},"content":{"rendered":"\n<p><strong>V Praze se od 11. do 15. listopadu 2024 uskute\u010dn\u00ed za \u00fa\u010dasti p\u0159edn\u00edch sv\u011btov\u00fdch kapacit oboru mezin\u00e1rodn\u00ed setk\u00e1n\u00ed odborn\u00edk\u016f zab\u00fdvaj\u00edc\u00edch se rentgenovou astronomi\u00ed \u2013 AXRO 2024. C\u00edlem setk\u00e1n\u00ed je mj. diskutovat nejnov\u011bj\u0161\u00ed technologie pro budouc\u00ed rentgenov\u00e9 dru\u017eice.&nbsp;<\/strong><\/p>\n\n\n\n<p><strong>Organiz\u00e1tory pracovn\u00edho setk\u00e1n\u00ed AXRO<\/strong>&nbsp;(International Workshop on Astronomical X\u2013Ray Optics) jsou Astronomick\u00fd \u00fastav Akademie v\u011bd \u010cesk\u00e9 republiky a&nbsp;Fakulta elektrotechnick\u00e1 \u010cesk\u00e9ho vysok\u00e9ho u\u010den\u00ed technick\u00e9ho v&nbsp;Praze. Mezin\u00e1rodn\u00ed setk\u00e1n\u00ed prob\u011bhne v&nbsp;pra\u017esk\u00e9 Vile Lanna. Konference se z\u00fa\u010dastn\u00ed 47 odborn\u00edk\u016f ze&nbsp;7 zem\u00ed sv\u011bta \u2013 Evropy i&nbsp;USA a&nbsp;letos tak\u00e9 s&nbsp;v\u00fdrazn\u00fdm zastoupen\u00edm v\u011bdc\u016f z&nbsp;\u010c\u00edny, kte\u0159\u00ed p\u0159ednesou p\u0159edb\u011b\u017en\u00e9 v\u00fdsledky velmi&nbsp;\u00fasp\u011b\u0161n\u00e9 letos vypu\u0161t\u011bn\u00e9 satelitn\u00ed mise Einstein Probe. V\u011bdci p\u0159ednesou 37 \u00fastn\u00edch p\u0159\u00edsp\u011bvk\u016f a&nbsp;p\u0159edstav\u00ed 7 poster\u016f.<\/p>\n\n\n\n<p>Dal\u0161\u00ed informace <a href=\"https:\/\/www.asu.cas.cz\/articles\/2342\/19\/v-praze-zacina-15-rocnik-mezinarodni-konference-o-rentgenove-optice-v-astronomii\" data-type=\"link\" data-id=\"https:\/\/www.asu.cas.cz\/articles\/2342\/19\/v-praze-zacina-15-rocnik-mezinarodni-konference-o-rentgenove-optice-v-astronomii\" target=\"_blank\" rel=\"noreferrer noopener\">naleznete na webu ASU<\/a><\/p>\n\n\n\n<h4 class=\"wp-block-heading\">\u00a0Kontakty a\u00a0dal\u0161\u00ed informace:<\/h4>\n\n\n\n<ul class=\"wp-block-list\">\n<li>Web konference:\u00a0<a href=\"http:\/\/www.axro.cz\/\" target=\"_blank\" rel=\"noreferrer noopener\">www.axro.cz<\/a><\/li>\n\n\n\n<li><strong>prof. RNDr. Ren\u00e9 Hudec, CSc.<\/strong>, <em>Astronomick\u00fd \u00fastav AV\u00a0\u010cR<\/em>, Tel.: 731\u00a0502 542, E-mail:\u00a0<a href=\"mailto:rhudec@asu.cas.cz\">rene.hudec@asu.cas.cz<\/a>,\u00a0<a href=\"mailto:rene.hudec@gmail.com\">rene.hudec@gmail.com<\/a><\/li>\n\n\n\n<li><strong>Pavel Suchan<\/strong>, Tiskov\u00fd tajemn\u00edk Astronomick\u00e9ho \u00fastavu AV\u00a0\u010cR, Email:\u00a0<a href=\"mailto:suchan@astro.cz\">suchan@astro.cz<\/a>, Tel: 737\u00a0322\u00a0815<\/li>\n\n\n\n<li>tiskov\u00e1 zpr\u00e1va ke sta\u017een\u00ed v <a href=\"https:\/\/www.asu.cas.cz\/files\/articles\/2024\/02342-v-praze-zacina-15-rocnik\/tz-axro-2024.doc\" target=\"_blank\" rel=\"noreferrer noopener\">DOC<\/a><\/li>\n<\/ul>\n\n\n\n<p><\/p>\n","protected":false},"excerpt":{"rendered":"<p>V Praze se od 11. do 15. listopadu 2024 uskute\u010dn\u00ed za \u00fa\u010dasti p\u0159edn\u00edch sv\u011btov\u00fdch kapacit oboru mezin\u00e1rodn\u00ed setk\u00e1n\u00ed odborn\u00edk\u016f zab\u00fdvaj\u00edc\u00edch se rentgenovou astronomi\u00ed \u2013 AXRO<\/p>\n","protected":false},"author":1,"featured_media":3230,"comment_status":"closed","ping_status":"closed","sticky":false,"template":"","format":"standard","meta":{"footnotes":""},"categories":[32,36,39],"tags":[],"class_list":["post-3228","post","type-post","status-publish","format-standard","has-post-thumbnail","hentry","category-novinky","category-oddeleni","category-vysoke-energie"],"_links":{"self":[{"href":"https:\/\/stel.asu.cas.cz\/cs\/wp-json\/wp\/v2\/posts\/3228","targetHints":{"allow":["GET"]}}],"collection":[{"href":"https:\/\/stel.asu.cas.cz\/cs\/wp-json\/wp\/v2\/posts"}],"about":[{"href":"https:\/\/stel.asu.cas.cz\/cs\/wp-json\/wp\/v2\/types\/post"}],"author":[{"embeddable":true,"href":"https:\/\/stel.asu.cas.cz\/cs\/wp-json\/wp\/v2\/users\/1"}],"replies":[{"embeddable":true,"href":"https:\/\/stel.asu.cas.cz\/cs\/wp-json\/wp\/v2\/comments?post=3228"}],"version-history":[{"count":1,"href":"https:\/\/stel.asu.cas.cz\/cs\/wp-json\/wp\/v2\/posts\/3228\/revisions"}],"predecessor-version":[{"id":3229,"href":"https:\/\/stel.asu.cas.cz\/cs\/wp-json\/wp\/v2\/posts\/3228\/revisions\/3229"}],"wp:featuredmedia":[{"embeddable":true,"href":"https:\/\/stel.asu.cas.cz\/cs\/wp-json\/wp\/v2\/media\/3230"}],"wp:attachment":[{"href":"https:\/\/stel.asu.cas.cz\/cs\/wp-json\/wp\/v2\/media?parent=3228"}],"wp:term":[{"taxonomy":"category","embeddable":true,"href":"https:\/\/stel.asu.cas.cz\/cs\/wp-json\/wp\/v2\/categories?post=3228"},{"taxonomy":"post_tag","embeddable":true,"href":"https:\/\/stel.asu.cas.cz\/cs\/wp-json\/wp\/v2\/tags?post=3228"}],"curies":[{"name":"wp","href":"https:\/\/api.w.org\/{rel}","templated":true}]}}