{"id":3298,"date":"2025-01-28T16:28:04","date_gmt":"2025-01-28T15:28:04","guid":{"rendered":"https:\/\/stel.asu.cas.cz\/cs\/?p=3298"},"modified":"2025-01-28T16:28:04","modified_gmt":"2025-01-28T15:28:04","slug":"spektroskopia-komety-c-2023-a3-tsuchinshan-atlas","status":"publish","type":"post","link":"https:\/\/stel.asu.cas.cz\/cs\/2025\/01\/28\/spektroskopia-komety-c-2023-a3-tsuchinshan-atlas\/","title":{"rendered":"Spektroskopia kom\u00e9ty C\/2023 A3 (Tsuchinshan\u2013ATLAS)"},"content":{"rendered":"\n<p>V posledn\u00edm \u010d\u00edsle \u010dasopisu Astropis (143\/2024) byl publikov\u00e1n \u010dl\u00e1nek v\u011bnovan\u00fd experiment\u00e1ln\u00ed spektroskopii komety C\/2023 (Tsuchinshan-ATLAS). Pozorov\u00e1n\u00ed pomoc\u00ed Perkova 2-m dalekohledu na observato\u0159i ASU v Ond\u0159ejov\u011b provedli kolegov\u00e9 ze Stel\u00e1rn\u00edho odd\u011blen\u00ed, Pavol Gajdo\u0161 (v\u011bdec, pozorovatel) a Radek Novotn\u00fd (technik, pozorovatel).<\/p>\n\n\n<div class=\"wp-block-image\">\n<figure class=\"alignleft size-full is-resized\"><a href=\"https:\/\/stel.asu.cas.cz\/cs\/wp-content\/uploads\/2025\/01\/Screenshot-astropis-143-2024.jpg\"><img loading=\"lazy\" decoding=\"async\" width=\"800\" height=\"961\" src=\"https:\/\/stel.asu.cas.cz\/cs\/wp-content\/uploads\/2025\/01\/Screenshot-astropis-143-2024.jpg\" alt=\"\" class=\"wp-image-3305\" style=\"width:400px\" srcset=\"https:\/\/stel.asu.cas.cz\/cs\/wp-content\/uploads\/2025\/01\/Screenshot-astropis-143-2024.jpg 800w, https:\/\/stel.asu.cas.cz\/cs\/wp-content\/uploads\/2025\/01\/Screenshot-astropis-143-2024-250x300.jpg 250w, https:\/\/stel.asu.cas.cz\/cs\/wp-content\/uploads\/2025\/01\/Screenshot-astropis-143-2024-768x923.jpg 768w, https:\/\/stel.asu.cas.cz\/cs\/wp-content\/uploads\/2025\/01\/Screenshot-astropis-143-2024-15x18.jpg 15w, https:\/\/stel.asu.cas.cz\/cs\/wp-content\/uploads\/2025\/01\/Screenshot-astropis-143-2024-20x24.jpg 20w, https:\/\/stel.asu.cas.cz\/cs\/wp-content\/uploads\/2025\/01\/Screenshot-astropis-143-2024-30x36.jpg 30w\" sizes=\"auto, (max-width: 800px) 100vw, 800px\" \/><\/a><\/figure><\/div>\n\n\n<p>V okt\u00f3bri ur\u010dite v\u0161etk\u00fdch nad\u0161encov o astron\u00f3miu zaujala jasn\u00e1 kom\u00e9ta C\/2023 A3 (Tsuchinshan-ATLAS). Je to dlhoperiodick\u00e1 kom\u00e9ta (s obe\u017enou dobou v st\u00e1tis\u00edcoch rokov), o ktorej sa predpoklad\u00e1, \u017ee pri\u0161la do vn\u00fatornej Slne\u010dnej s\u00fastavy z Oorthovho mraku po prv\u00fd raz. Objaven\u00e1 bola 22. febru\u00e1ra 2023 prehliadkou ATLAS. Priletela k n\u00e1m po retrogr\u00e1dnej dr\u00e1he so sklonom takmer 140\u00b0. Perih\u00e9liom preletela 27. septembra 2024 a najbli\u017e\u0161ie k Zemi sa dostala okt\u00f3bra. Potom bola dva t\u00fd\u017edne od n\u00e1s vidite\u013en\u00e1 aj vo\u013en\u00fdm okom kr\u00e1tko po z\u00e1pade Slnka.<\/p>\n\n\n\n<p><a href=\"https:\/\/stel.asu.cas.cz\/cs\/wp-content\/uploads\/2025\/01\/2024420a-comet-Gajdos-Novotny.pdfia\/media-archiv\/\" data-type=\"page\" data-id=\"2588\" target=\"_blank\" rel=\"noreferrer noopener\">Pokra\u010dov\u00e1n\u00ed v \u010dl\u00e1nku<\/a> (pdf, Slovensky)<\/p>\n\n\n\n<ul class=\"wp-block-list\">\n<li>Spektroskopia kom\u00e9ty C\/2023 A3 (Tsuchinshan\u2013ATLAS); Gajdo\u0161 P., Novotn\u00fd R.; <a href=\"https:\/\/www.astropis.cz\/\" data-type=\"link\" data-id=\"https:\/\/www.astropis.cz\/\" target=\"_blank\" rel=\"noreferrer noopener\">Astropis (143) 4\/2024<\/a><\/li>\n<\/ul>\n\n\n\n<p><\/p>\n","protected":false},"excerpt":{"rendered":"<p>V posledn\u00edm \u010d\u00edsle \u010dasopisu Astropis (143\/2024) byl publikov\u00e1n \u010dl\u00e1nek v\u011bnovan\u00fd experiment\u00e1ln\u00ed spektroskopii komety C\/2023 (Tsuchinshan-ATLAS). Pozorov\u00e1n\u00ed pomoc\u00ed Perkova 2-m dalekohledu na observato\u0159i ASU v Ond\u0159ejov\u011b<\/p>\n","protected":false},"author":1,"featured_media":3299,"comment_status":"closed","ping_status":"closed","sticky":false,"template":"","format":"standard","meta":{"footnotes":""},"categories":[32,36,43],"tags":[],"class_list":["post-3298","post","type-post","status-publish","format-standard","has-post-thumbnail","hentry","category-novinky","category-oddeleni","category-perek-2m"],"_links":{"self":[{"href":"https:\/\/stel.asu.cas.cz\/cs\/wp-json\/wp\/v2\/posts\/3298","targetHints":{"allow":["GET"]}}],"collection":[{"href":"https:\/\/stel.asu.cas.cz\/cs\/wp-json\/wp\/v2\/posts"}],"about":[{"href":"https:\/\/stel.asu.cas.cz\/cs\/wp-json\/wp\/v2\/types\/post"}],"author":[{"embeddable":true,"href":"https:\/\/stel.asu.cas.cz\/cs\/wp-json\/wp\/v2\/users\/1"}],"replies":[{"embeddable":true,"href":"https:\/\/stel.asu.cas.cz\/cs\/wp-json\/wp\/v2\/comments?post=3298"}],"version-history":[{"count":7,"href":"https:\/\/stel.asu.cas.cz\/cs\/wp-json\/wp\/v2\/posts\/3298\/revisions"}],"predecessor-version":[{"id":3313,"href":"https:\/\/stel.asu.cas.cz\/cs\/wp-json\/wp\/v2\/posts\/3298\/revisions\/3313"}],"wp:featuredmedia":[{"embeddable":true,"href":"https:\/\/stel.asu.cas.cz\/cs\/wp-json\/wp\/v2\/media\/3299"}],"wp:attachment":[{"href":"https:\/\/stel.asu.cas.cz\/cs\/wp-json\/wp\/v2\/media?parent=3298"}],"wp:term":[{"taxonomy":"category","embeddable":true,"href":"https:\/\/stel.asu.cas.cz\/cs\/wp-json\/wp\/v2\/categories?post=3298"},{"taxonomy":"post_tag","embeddable":true,"href":"https:\/\/stel.asu.cas.cz\/cs\/wp-json\/wp\/v2\/tags?post=3298"}],"curies":[{"name":"wp","href":"https:\/\/api.w.org\/{rel}","templated":true}]}}