{"id":3378,"date":"2025-03-30T12:29:32","date_gmt":"2025-03-30T10:29:32","guid":{"rendered":"https:\/\/stel.asu.cas.cz\/cs\/?p=3378"},"modified":"2025-04-30T12:29:59","modified_gmt":"2025-04-30T10:29:59","slug":"nas-projekt-erasmus-se-dostal-do-skupiny-nominovanych","status":"publish","type":"post","link":"https:\/\/stel.asu.cas.cz\/cs\/2025\/03\/30\/nas-projekt-erasmus-se-dostal-do-skupiny-nominovanych\/","title":{"rendered":"N\u00e1\u0161 projekt Erasmus+ se dostal do skupiny nominovan\u00fdch"},"content":{"rendered":"\n<p>D\u016fm zahrani\u010dn\u00edch slu\u017eeb ocenil projekt veden\u00fd dr. Petrem Kabathem ze Stel\u00e1rn\u00edho odd\u011blen\u00ed  Astronomick\u00e9ho \u00fastavu AV\u00a0\u010cR.\u00a0Finan\u010dn\u00ed podpory tohoto projektu si velmi v\u00e1\u017e\u00edme. Umo\u017enila t\u0159em des\u00edtk\u00e1m p\u0159edev\u0161\u00edm mlad\u00fdch, za\u010d\u00ednaj\u00edc\u00edch v\u011bdky\u0148 a\u00a0v\u011bdc\u016f vycestovat do astronomick\u00e9ho r\u00e1je &#8211; na Kan\u00e1rsk\u00e9 ostrovy, kde na ostrovech Tenerife a\u00a0La Palma jsou pod skute\u010dn\u011b tmavou oblohou velk\u00e9 evropsk\u00e9 hv\u011bzd\u00e1rny. V\u00a0r\u00e1mci projektu vzniklo na 30 v\u011bdeck\u00fdch prac\u00ed.<\/p>\n\n\n\n<p><a href=\"https:\/\/erasmus.asu.cas.cz\" target=\"_blank\" rel=\"noreferrer noopener\">https:\/\/erasmus.asu.cas.cz<\/a><\/p>\n\n\n\n<p>Zdroj: <a href=\"https:\/\/www.asu.cas.cz\/articles\/2400\/19\/nas-projekt-erasmus-se-dostal-do-skupiny-nominovanych\" data-type=\"link\" data-id=\"https:\/\/www.asu.cas.cz\/articles\/2400\/19\/nas-projekt-erasmus-se-dostal-do-skupiny-nominovanych\" target=\"_blank\" rel=\"noreferrer noopener\">web ASU<\/a><\/p>\n\n\n\n<p><\/p>\n","protected":false},"excerpt":{"rendered":"<p>D\u016fm zahrani\u010dn\u00edch slu\u017eeb ocenil projekt veden\u00fd dr. Petrem Kabathem ze Stel\u00e1rn\u00edho odd\u011blen\u00ed Astronomick\u00e9ho \u00fastavu AV\u00a0\u010cR.\u00a0Finan\u010dn\u00ed podpory tohoto projektu si velmi v\u00e1\u017e\u00edme. Umo\u017enila t\u0159em des\u00edtk\u00e1m p\u0159edev\u0161\u00edm<\/p>\n","protected":false},"author":1,"featured_media":463,"comment_status":"closed","ping_status":"closed","sticky":false,"template":"","format":"standard","meta":{"footnotes":""},"categories":[32,36],"tags":[],"class_list":["post-3378","post","type-post","status-publish","format-standard","has-post-thumbnail","hentry","category-novinky","category-oddeleni"],"_links":{"self":[{"href":"https:\/\/stel.asu.cas.cz\/cs\/wp-json\/wp\/v2\/posts\/3378","targetHints":{"allow":["GET"]}}],"collection":[{"href":"https:\/\/stel.asu.cas.cz\/cs\/wp-json\/wp\/v2\/posts"}],"about":[{"href":"https:\/\/stel.asu.cas.cz\/cs\/wp-json\/wp\/v2\/types\/post"}],"author":[{"embeddable":true,"href":"https:\/\/stel.asu.cas.cz\/cs\/wp-json\/wp\/v2\/users\/1"}],"replies":[{"embeddable":true,"href":"https:\/\/stel.asu.cas.cz\/cs\/wp-json\/wp\/v2\/comments?post=3378"}],"version-history":[{"count":2,"href":"https:\/\/stel.asu.cas.cz\/cs\/wp-json\/wp\/v2\/posts\/3378\/revisions"}],"predecessor-version":[{"id":3381,"href":"https:\/\/stel.asu.cas.cz\/cs\/wp-json\/wp\/v2\/posts\/3378\/revisions\/3381"}],"wp:featuredmedia":[{"embeddable":true,"href":"https:\/\/stel.asu.cas.cz\/cs\/wp-json\/wp\/v2\/media\/463"}],"wp:attachment":[{"href":"https:\/\/stel.asu.cas.cz\/cs\/wp-json\/wp\/v2\/media?parent=3378"}],"wp:term":[{"taxonomy":"category","embeddable":true,"href":"https:\/\/stel.asu.cas.cz\/cs\/wp-json\/wp\/v2\/categories?post=3378"},{"taxonomy":"post_tag","embeddable":true,"href":"https:\/\/stel.asu.cas.cz\/cs\/wp-json\/wp\/v2\/tags?post=3378"}],"curies":[{"name":"wp","href":"https:\/\/api.w.org\/{rel}","templated":true}]}}