{"id":3420,"date":"2025-07-14T09:13:41","date_gmt":"2025-07-14T07:13:41","guid":{"rendered":"https:\/\/stel.asu.cas.cz\/cs\/?p=3420"},"modified":"2025-07-14T09:27:04","modified_gmt":"2025-07-14T07:27:04","slug":"ministr-dopravy-martin-kupka-navstivil-ondrejovskou-hvezdarnu","status":"publish","type":"post","link":"https:\/\/stel.asu.cas.cz\/cs\/2025\/07\/14\/ministr-dopravy-martin-kupka-navstivil-ondrejovskou-hvezdarnu\/","title":{"rendered":"Ministr dopravy Martin Kupka nav\u0161t\u00edvil ond\u0159ejovskou hv\u011bzd\u00e1rnu"},"content":{"rendered":"\n<p>Ve st\u0159edu 26. \u010dervna nav\u0161t\u00edvil v&nbsp;doprovodu p\u0159edsedy Akademie v\u011bd profesora Radom\u00edra P\u00e1nka hv\u011bzd\u00e1rnu Astronomick\u00e9ho \u00fastavu AV&nbsp;\u010cR v&nbsp;Ond\u0159ejov\u011b ministr dopravy Martin Kupka. Prohl\u00e9dl si pracovi\u0161t\u011b slune\u010dn\u00ed patroln\u00ed slu\u017eby a&nbsp;diskutoval o&nbsp;mis\u00edch Evropsk\u00e9&nbsp;kosmick\u00e9 agentury s&nbsp;v\u00fdraznou \u010deskou \u00fa\u010dast\u00ed Solar Orbiter a&nbsp;Proba 3, pod\u00edval se ke kamer\u00e1m Evropsk\u00e9 bolidov\u00e9 s\u00edt\u011b v&nbsp;Odd\u011blen\u00ed meziplanet\u00e1rn\u00ed hmoty a&nbsp;prohl\u00e9dl si nejv\u011bt\u0161\u00ed \u010desk\u00fd dalekohled o&nbsp;pr\u016fm\u011bru 2 metry, kter\u00fd je mj. tak\u00e9 zapojen do dal\u0161\u00ed pl\u00e1novan\u00e9 mise Evropsk\u00e9 kosmick\u00e9 agentury PLATO ur\u010den\u00e9 k&nbsp;hled\u00e1n\u00ed druh\u00e9 Zem\u011b ve vesm\u00edru.<\/p>\n\n\n\n<p>Ministerstvo dopravy m\u00e1 na starosti kosmonautiku a&nbsp;kosmick\u00e9 mise v&nbsp;r\u00e1mci Evropsk\u00e9 kosmick\u00e9 agentury, v&nbsp;n\u00ed\u017e \u010ceskou republiku&nbsp;zastupuje. V\u011bdeck\u00e9 zapojen\u00ed akademick\u00fdch&nbsp;pracovi\u0161\u0165 do t\u011bchto&nbsp;mis\u00ed koordinuje v&nbsp;r\u00e1mci programu Strategie AV 21 &#8211; Vesm\u00edr pro lidstvo pr\u00e1v\u011b Astronomick\u00fd \u00fastav AV&nbsp;\u010cR. V&nbsp;\u0161ir\u0161\u00edm smyslu je pak sou\u010d\u00e1st\u00ed vl\u00e1dn\u00edho projektu \u010cesk\u00e1 cesta do vesm\u00edru.&nbsp;<\/p>\n\n\n\n<p>p\u0159evzato: <a href=\"https:\/\/www.asu.cas.cz\/articles\/2438\/19\/ministr-dopravy-martin-kupka-navstivil-ondrejovskou-hvezdarnu\" data-type=\"link\" data-id=\"https:\/\/www.asu.cas.cz\/articles\/2438\/19\/ministr-dopravy-martin-kupka-navstivil-ondrejovskou-hvezdarnu\" target=\"_blank\" rel=\"noreferrer noopener\">web ASU<\/a><\/p>\n\n\n\n<p><\/p>\n","protected":false},"excerpt":{"rendered":"<p>Ve st\u0159edu 26. \u010dervna nav\u0161t\u00edvil v&nbsp;doprovodu p\u0159edsedy Akademie v\u011bd profesora Radom\u00edra P\u00e1nka hv\u011bzd\u00e1rnu Astronomick\u00e9ho \u00fastavu AV&nbsp;\u010cR v&nbsp;Ond\u0159ejov\u011b ministr dopravy Martin Kupka. Prohl\u00e9dl si pracovi\u0161t\u011b slune\u010dn\u00ed<\/p>\n","protected":false},"author":1,"featured_media":3421,"comment_status":"closed","ping_status":"closed","sticky":false,"template":"","format":"standard","meta":{"footnotes":""},"categories":[32,36],"tags":[],"class_list":["post-3420","post","type-post","status-publish","format-standard","has-post-thumbnail","hentry","category-novinky","category-oddeleni"],"_links":{"self":[{"href":"https:\/\/stel.asu.cas.cz\/cs\/wp-json\/wp\/v2\/posts\/3420","targetHints":{"allow":["GET"]}}],"collection":[{"href":"https:\/\/stel.asu.cas.cz\/cs\/wp-json\/wp\/v2\/posts"}],"about":[{"href":"https:\/\/stel.asu.cas.cz\/cs\/wp-json\/wp\/v2\/types\/post"}],"author":[{"embeddable":true,"href":"https:\/\/stel.asu.cas.cz\/cs\/wp-json\/wp\/v2\/users\/1"}],"replies":[{"embeddable":true,"href":"https:\/\/stel.asu.cas.cz\/cs\/wp-json\/wp\/v2\/comments?post=3420"}],"version-history":[{"count":1,"href":"https:\/\/stel.asu.cas.cz\/cs\/wp-json\/wp\/v2\/posts\/3420\/revisions"}],"predecessor-version":[{"id":3422,"href":"https:\/\/stel.asu.cas.cz\/cs\/wp-json\/wp\/v2\/posts\/3420\/revisions\/3422"}],"wp:featuredmedia":[{"embeddable":true,"href":"https:\/\/stel.asu.cas.cz\/cs\/wp-json\/wp\/v2\/media\/3421"}],"wp:attachment":[{"href":"https:\/\/stel.asu.cas.cz\/cs\/wp-json\/wp\/v2\/media?parent=3420"}],"wp:term":[{"taxonomy":"category","embeddable":true,"href":"https:\/\/stel.asu.cas.cz\/cs\/wp-json\/wp\/v2\/categories?post=3420"},{"taxonomy":"post_tag","embeddable":true,"href":"https:\/\/stel.asu.cas.cz\/cs\/wp-json\/wp\/v2\/tags?post=3420"}],"curies":[{"name":"wp","href":"https:\/\/api.w.org\/{rel}","templated":true}]}}