{"id":3449,"date":"2025-08-06T14:24:41","date_gmt":"2025-08-06T12:24:41","guid":{"rendered":"https:\/\/stel.asu.cas.cz\/cs\/?p=3449"},"modified":"2025-08-06T14:25:10","modified_gmt":"2025-08-06T12:25:10","slug":"chetec-infra-skola-pozorovani-chinos-2025","status":"publish","type":"post","link":"https:\/\/stel.asu.cas.cz\/cs\/2025\/08\/06\/chetec-infra-skola-pozorovani-chinos-2025\/","title":{"rendered":"ChETEC-INFRA \u0161kola pozorov\u00e1n\u00ed \u2013 ChINOS 2025"},"content":{"rendered":"\n<p><a href=\"https:\/\/stel.asu.cas.cz\/en\/2025\/08\/06\/chetec-infra-observational-school-chinos-2025\/\"><time datetime=\"2025-08-06T14:09:26+02:00\"><\/time><\/a>Ve dnech 21. a\u017e 25. \u010dervence 2025 se v\u00a0r\u00e1mci evropsk\u00e9ho projektu jadern\u00e9 astrofyziky ChETEC-INFRA konala druh\u00e1 pozorovac\u00ed \u0161kola ChETEC-INFRA (ChINOS). Uspo\u0159\u00e1d\u00e1na byla ve Vile Lanna, ofici\u00e1ln\u00edm reprezentativn\u00edm za\u0159\u00edzen\u00ed Akademie v\u011bd \u010cR. Z\u00fa\u010dastnilo se j\u00ed dvacet student\u016f r\u016fzn\u00fdch n\u00e1rodnost\u00ed. Hostitelskou instituc\u00ed byl Astronomick\u00fd \u00fastav Akademie v\u011bd \u010cR (AV \u010cR).<\/p>\n\n\n\n<p>\u0160kola ChINOS vznikla v r\u00e1mci evropsk\u00e9ho startovac\u00edho spole\u010denstv\u00ed ChETEC-INFRA s\u00a0c\u00edlem nau\u010dit mlad\u00e9 v\u011bdce (studenty magistersk\u00e9ho a doktorsk\u00e9ho studia i za\u010d\u00ednaj\u00edc\u00ed postdoktorandy) pracuj\u00edc\u00ed v\u00a0oblasti jadern\u00e9 astrofyziky astronomick\u00fdm spektroskopick\u00fdm pozorovac\u00edm technik\u00e1m. Program zahrnoval \u010dty\u0159i noci d\u00e1lkov\u00fdch pozorov\u00e1n\u00ed pomoc\u00ed dalekohledu NOT (Nordic Optical Telescope) na ostrov\u011b La Palma (\u0160pan\u011blsko). Pozorovan\u00e1 spektra byla analyzov\u00e1na v mal\u00fdch t\u00fdmech slo\u017een\u00fdch z\u00a0\u00fa\u010dastn\u00edk\u016f \u0161koly. Studenti m\u011bli tak\u00e9 mo\u017enost sezn\u00e1mit se s metodikou pozorov\u00e1n\u00ed na dalekohledu 2-m\u00a0Perekov\u011b dalekohledu v Ond\u0159ejov\u011b, nejv\u011bt\u0161\u00edm \u010desk\u00e9m optick\u00e9m dalekohledu.<\/p>\n\n\n\n<p>\u0160kolu organizovala Dr. Brankica Kub\u00e1tov\u00e1, hlavn\u00ed \u0159e\u0161itelka projektu ChETEC-INFRA na ASU, Ji\u0159\u00ed Srba provedl \u00fa\u010dastn\u00edky exkurz\u00ed po ond\u0159ejovsk\u00e9 hv\u011bzd\u00e1rn\u011b a uk\u00e1zal jim pozorovac\u00ed p\u0159\u00edstroje pou\u017e\u00edvan\u00e9 na ASU.<\/p>\n\n\n\n<ul class=\"wp-block-list\">\n<li><a href=\"https:\/\/syncandshare.desy.de\/index.php\/s\/9GCH3spJiC2gkD4\" target=\"_blank\" rel=\"noreferrer noopener\">fotogalerie<\/a><\/li>\n<\/ul>\n\n\n<div class=\"wp-block-image\">\n<figure class=\"alignleft size-large is-resized\"><img loading=\"lazy\" decoding=\"async\" width=\"646\" height=\"1024\" src=\"https:\/\/stel.asu.cas.cz\/cs\/wp-content\/uploads\/2025\/08\/1024-2221-646x1024.jpg\" alt=\"\" class=\"wp-image-3443\" style=\"width:auto;height:300px\" srcset=\"https:\/\/stel.asu.cas.cz\/cs\/wp-content\/uploads\/2025\/08\/1024-2221-646x1024.jpg 646w, https:\/\/stel.asu.cas.cz\/cs\/wp-content\/uploads\/2025\/08\/1024-2221-189x300.jpg 189w, https:\/\/stel.asu.cas.cz\/cs\/wp-content\/uploads\/2025\/08\/1024-2221-768x1217.jpg 768w, https:\/\/stel.asu.cas.cz\/cs\/wp-content\/uploads\/2025\/08\/1024-2221-969x1536.jpg 969w, https:\/\/stel.asu.cas.cz\/cs\/wp-content\/uploads\/2025\/08\/1024-2221-11x18.jpg 11w, https:\/\/stel.asu.cas.cz\/cs\/wp-content\/uploads\/2025\/08\/1024-2221-15x24.jpg 15w, https:\/\/stel.asu.cas.cz\/cs\/wp-content\/uploads\/2025\/08\/1024-2221-23x36.jpg 23w, https:\/\/stel.asu.cas.cz\/cs\/wp-content\/uploads\/2025\/08\/1024-2221.jpg 1024w\" sizes=\"auto, (max-width: 646px) 100vw, 646px\" \/><\/figure><\/div>\n\n<div class=\"wp-block-image\">\n<figure class=\"alignleft size-large is-resized\"><img loading=\"lazy\" decoding=\"async\" width=\"1024\" height=\"768\" src=\"https:\/\/stel.asu.cas.cz\/cs\/wp-content\/uploads\/2025\/08\/IMG_20250725_191037-1024x768.jpg\" alt=\"\" class=\"wp-image-3442\" style=\"width:auto;height:300px\" srcset=\"https:\/\/stel.asu.cas.cz\/cs\/wp-content\/uploads\/2025\/08\/IMG_20250725_191037-1024x768.jpg 1024w, https:\/\/stel.asu.cas.cz\/cs\/wp-content\/uploads\/2025\/08\/IMG_20250725_191037-300x225.jpg 300w, https:\/\/stel.asu.cas.cz\/cs\/wp-content\/uploads\/2025\/08\/IMG_20250725_191037-768x576.jpg 768w, https:\/\/stel.asu.cas.cz\/cs\/wp-content\/uploads\/2025\/08\/IMG_20250725_191037-1536x1152.jpg 1536w, https:\/\/stel.asu.cas.cz\/cs\/wp-content\/uploads\/2025\/08\/IMG_20250725_191037-800x600.jpg 800w, https:\/\/stel.asu.cas.cz\/cs\/wp-content\/uploads\/2025\/08\/IMG_20250725_191037-18x14.jpg 18w, https:\/\/stel.asu.cas.cz\/cs\/wp-content\/uploads\/2025\/08\/IMG_20250725_191037-24x18.jpg 24w, https:\/\/stel.asu.cas.cz\/cs\/wp-content\/uploads\/2025\/08\/IMG_20250725_191037-36x27.jpg 36w, https:\/\/stel.asu.cas.cz\/cs\/wp-content\/uploads\/2025\/08\/IMG_20250725_191037.jpg 1632w\" sizes=\"auto, (max-width: 1024px) 100vw, 1024px\" \/><\/figure><\/div>\n\n\n<p><\/p>\n","protected":false},"excerpt":{"rendered":"<p>Ve dnech 21. a\u017e 25. \u010dervence 2025 se v\u00a0r\u00e1mci evropsk\u00e9ho projektu jadern\u00e9 astrofyziky ChETEC-INFRA konala druh\u00e1 pozorovac\u00ed \u0161kola ChETEC-INFRA (ChINOS). Uspo\u0159\u00e1d\u00e1na byla ve Vile Lanna,<\/p>\n","protected":false},"author":2,"featured_media":3441,"comment_status":"closed","ping_status":"closed","sticky":false,"template":"","format":"standard","meta":{"footnotes":""},"categories":[37,32,36],"tags":[],"class_list":["post-3449","post","type-post","status-publish","format-standard","has-post-thumbnail","hentry","category-horke-hvezdy","category-novinky","category-oddeleni"],"_links":{"self":[{"href":"https:\/\/stel.asu.cas.cz\/cs\/wp-json\/wp\/v2\/posts\/3449","targetHints":{"allow":["GET"]}}],"collection":[{"href":"https:\/\/stel.asu.cas.cz\/cs\/wp-json\/wp\/v2\/posts"}],"about":[{"href":"https:\/\/stel.asu.cas.cz\/cs\/wp-json\/wp\/v2\/types\/post"}],"author":[{"embeddable":true,"href":"https:\/\/stel.asu.cas.cz\/cs\/wp-json\/wp\/v2\/users\/2"}],"replies":[{"embeddable":true,"href":"https:\/\/stel.asu.cas.cz\/cs\/wp-json\/wp\/v2\/comments?post=3449"}],"version-history":[{"count":7,"href":"https:\/\/stel.asu.cas.cz\/cs\/wp-json\/wp\/v2\/posts\/3449\/revisions"}],"predecessor-version":[{"id":3457,"href":"https:\/\/stel.asu.cas.cz\/cs\/wp-json\/wp\/v2\/posts\/3449\/revisions\/3457"}],"wp:featuredmedia":[{"embeddable":true,"href":"https:\/\/stel.asu.cas.cz\/cs\/wp-json\/wp\/v2\/media\/3441"}],"wp:attachment":[{"href":"https:\/\/stel.asu.cas.cz\/cs\/wp-json\/wp\/v2\/media?parent=3449"}],"wp:term":[{"taxonomy":"category","embeddable":true,"href":"https:\/\/stel.asu.cas.cz\/cs\/wp-json\/wp\/v2\/categories?post=3449"},{"taxonomy":"post_tag","embeddable":true,"href":"https:\/\/stel.asu.cas.cz\/cs\/wp-json\/wp\/v2\/tags?post=3449"}],"curies":[{"name":"wp","href":"https:\/\/api.w.org\/{rel}","templated":true}]}}