{"id":3552,"date":"2025-12-09T09:26:43","date_gmt":"2025-12-09T08:26:43","guid":{"rendered":"https:\/\/stel.asu.cas.cz\/cs\/?p=3552"},"modified":"2025-12-09T09:26:43","modified_gmt":"2025-12-09T08:26:43","slug":"probehl-16-rocnik-mezinarodni-konference-o-rentgenove-optice-v-astronomii","status":"publish","type":"post","link":"https:\/\/stel.asu.cas.cz\/cs\/2025\/12\/09\/probehl-16-rocnik-mezinarodni-konference-o-rentgenove-optice-v-astronomii\/","title":{"rendered":"Prob\u011bhl 16. ro\u010dn\u00edk mezin\u00e1rodn\u00ed konference o\u00a0rentgenov\u00e9 optice v\u00a0astronomii"},"content":{"rendered":"\n<p>V Praze se od 1. do 5. prosince 2025 uskute\u010dnil ji\u017e \u0161estn\u00e1ct\u00fd ro\u010dn\u00edk mezin\u00e1rodn\u00ed konference AXRO po\u0159\u00e1dan\u00e9 Astronomick\u00fdm \u00fastavem AV \u010cR, kter\u00e1 ka\u017edoro\u010dn\u011b p\u0159iv\u00e1d\u00ed do Prahy p\u0159edn\u00ed odborn\u00edky v oblasti rentgenov\u00e9 astronomie a rentgenov\u00e9 optiky. Setk\u00e1n\u00ed se tradi\u010dn\u011b kon\u00e1 v historick\u00e9 Vile Lanna. Mezi nejd\u016fle\u017eit\u011bj\u0161\u00ed p\u0159\u00edsp\u011bvky leto\u0161n\u00edho ro\u010dn\u00edku pat\u0159ily v\u00fdsledky \u010d\u00ednsk\u00fdch v\u011bdc\u016f z kosmick\u00e9 mise Einstein Probe, stejn\u011b jako prezentace nejnov\u011bj\u0161\u00edho v\u00fdvoje p\u0159ipravovan\u00fdch mezin\u00e1rodn\u00edch mis\u00ed, nap\u0159\u00edklad SMILE, NewAthena a THESEUS a tak\u00e9 \u010d\u00ednsk\u00e9 eXTP.<\/p>\n\n\n\n<h4 class=\"wp-block-heading\">Dal\u0161\u00ed informace<\/h4>\n\n\n\n<ul class=\"wp-block-list\">\n<li>webov\u00e9 str\u00e1nky konference: <a href=\"https:\/\/axro.cz\/\" target=\"_blank\" rel=\"noreferrer noopener\">https:\/\/axro.cz\/<\/a><\/li>\n\n\n\n<li>abstrakty jednotliv\u00fdch p\u0159\u00edsp\u011bvk\u016f: <a href=\"https:\/\/axro.cz\/index.php\/conference\/list-of-abstracts\/\" target=\"_blank\" rel=\"noreferrer noopener\">https:\/\/axro.cz\/index.php\/conference\/list-of-abstracts\/<\/a><\/li>\n\n\n\n<li>tiskov\u00e1 zpr\u00e1va ke sta\u017een\u00ed v <a href=\"https:\/\/www.asu.cas.cz\/files\/articles\/2025\/02509-v-praze-zacina-16-rocnik\/tz-axro-2025.doc\" target=\"_blank\" rel=\"noreferrer noopener\">DOC<\/a><\/li>\n\n\n\n<li>kontakty: <strong>prof. RNDr. Ren\u00e9 Hudec, CSc.<\/strong>, <em>Astronomick\u00fd \u00fastav AV\u00a0\u010cR, <\/em>E-mail: <a href=\"mailto:rhudec@asu.cas.cz\" target=\"_blank\" rel=\"noreferrer noopener\">rene.hudec@asu.cas.cz<\/a>, <a href=\"mailto:rene.hudec@gmail.com\">rene.hudec@gmail.com<\/a>; <strong>Pavel Suchan, <\/strong>Tiskov\u00fd tajemn\u00edk Astronomick\u00e9ho \u00fastavu AV\u00a0\u010cR, Email: <a href=\"mailto:suchan@astro.cz\">suchan@astro.cz<\/a><\/li>\n<\/ul>\n\n\n\n<p><\/p>\n","protected":false},"excerpt":{"rendered":"<p>V Praze se od 1. do 5. prosince 2025 uskute\u010dnil ji\u017e \u0161estn\u00e1ct\u00fd ro\u010dn\u00edk mezin\u00e1rodn\u00ed konference AXRO po\u0159\u00e1dan\u00e9 Astronomick\u00fdm \u00fastavem AV \u010cR, kter\u00e1 ka\u017edoro\u010dn\u011b p\u0159iv\u00e1d\u00ed do<\/p>\n","protected":false},"author":1,"featured_media":3554,"comment_status":"closed","ping_status":"closed","sticky":false,"template":"","format":"standard","meta":{"footnotes":""},"categories":[37,32,36],"tags":[],"class_list":["post-3552","post","type-post","status-publish","format-standard","has-post-thumbnail","hentry","category-horke-hvezdy","category-novinky","category-oddeleni"],"_links":{"self":[{"href":"https:\/\/stel.asu.cas.cz\/cs\/wp-json\/wp\/v2\/posts\/3552","targetHints":{"allow":["GET"]}}],"collection":[{"href":"https:\/\/stel.asu.cas.cz\/cs\/wp-json\/wp\/v2\/posts"}],"about":[{"href":"https:\/\/stel.asu.cas.cz\/cs\/wp-json\/wp\/v2\/types\/post"}],"author":[{"embeddable":true,"href":"https:\/\/stel.asu.cas.cz\/cs\/wp-json\/wp\/v2\/users\/1"}],"replies":[{"embeddable":true,"href":"https:\/\/stel.asu.cas.cz\/cs\/wp-json\/wp\/v2\/comments?post=3552"}],"version-history":[{"count":3,"href":"https:\/\/stel.asu.cas.cz\/cs\/wp-json\/wp\/v2\/posts\/3552\/revisions"}],"predecessor-version":[{"id":3556,"href":"https:\/\/stel.asu.cas.cz\/cs\/wp-json\/wp\/v2\/posts\/3552\/revisions\/3556"}],"wp:featuredmedia":[{"embeddable":true,"href":"https:\/\/stel.asu.cas.cz\/cs\/wp-json\/wp\/v2\/media\/3554"}],"wp:attachment":[{"href":"https:\/\/stel.asu.cas.cz\/cs\/wp-json\/wp\/v2\/media?parent=3552"}],"wp:term":[{"taxonomy":"category","embeddable":true,"href":"https:\/\/stel.asu.cas.cz\/cs\/wp-json\/wp\/v2\/categories?post=3552"},{"taxonomy":"post_tag","embeddable":true,"href":"https:\/\/stel.asu.cas.cz\/cs\/wp-json\/wp\/v2\/tags?post=3552"}],"curies":[{"name":"wp","href":"https:\/\/api.w.org\/{rel}","templated":true}]}}