{"id":3821,"date":"2023-11-20T13:05:38","date_gmt":"2023-11-20T12:05:38","guid":{"rendered":"https:\/\/stel.asu.cas.cz\/en\/?p=3821"},"modified":"2024-02-12T11:16:47","modified_gmt":"2024-02-12T10:16:47","slug":"how-does-the-work-on-the-variable-star-atlas-look-like","status":"publish","type":"post","link":"https:\/\/stel.asu.cas.cz\/en\/2023\/11\/20\/how-does-the-work-on-the-variable-star-atlas-look-like\/","title":{"rendered":"How does the work on the variable star atlas look like?"},"content":{"rendered":"\n<p>Interns from the Astronomical Institute of the Academy of Sciences of the Czech Republic, Hana \u017dit\u0148ansk\u00e1, Filip Bobal and Luk\u00e1\u0161 Hrd\u00fd, under the guidance of lecturer Jan \u0160trobl from the Stellar Department, are helping to compile the Photometric Atlas of Variable Star Types.<span class=\"HwtZe\" lang=\"en\"><span class=\"jCAhz ChMk0b\"><span class=\"ryNqvb\"><\/span><\/span><\/span><\/p>\n\n\n\n<hr class=\"wp-block-separator has-text-color has-pale-cyan-blue-color has-alpha-channel-opacity has-pale-cyan-blue-background-color has-background\"\/>\n\n\n\n<iframe loading=\"lazy\" src=\"https:\/\/www.facebook.com\/plugins\/post.php?href=https%3A%2F%2Fwww.facebook.com%2Fotevrenaveda%2Fposts%2Fpfbid02N4zPTS8U56RgUJGeNFj9Uf4DHTs5Hf1oZYp4ijLnQvUzr4Q7LhHvCC2tHnZj2RJvl&#038;show_text=true&#038;width=500\" width=\"500\" height=\"670\" style=\"border:none;overflow:hidden\" scrolling=\"no\" frameborder=\"0\" allowfullscreen=\"true\" allow=\"autoplay; clipboard-write; encrypted-media; picture-in-picture; web-share\"><\/iframe>\n\n\n\n<hr class=\"wp-block-separator has-text-color has-pale-cyan-blue-color has-alpha-channel-opacity has-pale-cyan-blue-background-color has-background\"\/>\n\n\n\n<ul class=\"wp-block-list\">\n<li>Source: Otev\u0159en\u00e1 V\u011bda<\/li>\n\n\n\n<li><a rel=\"noreferrer noopener\" href=\"http:\/\/www.otevrenaveda.cz\/?fbclid=IwAR176QglDpa_qL9aGsOrF-jkYY86LRw-ozWb3nPxl0k9282kTnahNReqyT0\" target=\"_blank\">www.otevrenaveda.cz<\/a><\/li>\n\n\n\n<li>fb: <a href=\"https:\/\/www.facebook.com\/otevrenaveda\" target=\"_blank\" rel=\"noreferrer noopener\">https:\/\/www.facebook.com\/otevrenaveda <\/a><\/li>\n<\/ul>\n","protected":false},"excerpt":{"rendered":"<p>Interns from the Astronomical Institute of the Academy of Sciences of the Czech Republic, Hana \u017dit\u0148ansk\u00e1, Filip Bobal and Luk\u00e1\u0161 Hrd\u00fd, under the guidance of<\/p>\n","protected":false},"author":1,"featured_media":3822,"comment_status":"closed","ping_status":"closed","sticky":false,"template":"","format":"standard","meta":{"footnotes":""},"categories":[42,41,35,38],"tags":[],"class_list":["post-3821","post","type-post","status-publish","format-standard","has-post-thumbnail","hentry","category-department","category-highenergy","category-news","category-outreach"],"_links":{"self":[{"href":"https:\/\/stel.asu.cas.cz\/en\/wp-json\/wp\/v2\/posts\/3821","targetHints":{"allow":["GET"]}}],"collection":[{"href":"https:\/\/stel.asu.cas.cz\/en\/wp-json\/wp\/v2\/posts"}],"about":[{"href":"https:\/\/stel.asu.cas.cz\/en\/wp-json\/wp\/v2\/types\/post"}],"author":[{"embeddable":true,"href":"https:\/\/stel.asu.cas.cz\/en\/wp-json\/wp\/v2\/users\/1"}],"replies":[{"embeddable":true,"href":"https:\/\/stel.asu.cas.cz\/en\/wp-json\/wp\/v2\/comments?post=3821"}],"version-history":[{"count":2,"href":"https:\/\/stel.asu.cas.cz\/en\/wp-json\/wp\/v2\/posts\/3821\/revisions"}],"predecessor-version":[{"id":4235,"href":"https:\/\/stel.asu.cas.cz\/en\/wp-json\/wp\/v2\/posts\/3821\/revisions\/4235"}],"wp:featuredmedia":[{"embeddable":true,"href":"https:\/\/stel.asu.cas.cz\/en\/wp-json\/wp\/v2\/media\/3822"}],"wp:attachment":[{"href":"https:\/\/stel.asu.cas.cz\/en\/wp-json\/wp\/v2\/media?parent=3821"}],"wp:term":[{"taxonomy":"category","embeddable":true,"href":"https:\/\/stel.asu.cas.cz\/en\/wp-json\/wp\/v2\/categories?post=3821"},{"taxonomy":"post_tag","embeddable":true,"href":"https:\/\/stel.asu.cas.cz\/en\/wp-json\/wp\/v2\/tags?post=3821"}],"curies":[{"name":"wp","href":"https:\/\/api.w.org\/{rel}","templated":true}]}}