{"id":3925,"date":"2023-12-05T12:55:31","date_gmt":"2023-12-05T11:55:31","guid":{"rendered":"https:\/\/stel.asu.cas.cz\/en\/?p=3925"},"modified":"2024-02-12T11:15:24","modified_gmt":"2024-02-12T10:15:24","slug":"14th-annual-international-conference-on-x-ray-optics-in-astronomy","status":"publish","type":"post","link":"https:\/\/stel.asu.cas.cz\/en\/2023\/12\/05\/14th-annual-international-conference-on-x-ray-optics-in-astronomy\/","title":{"rendered":"14th Annual International Conference on X-ray Optics in Astronomy"},"content":{"rendered":"\n<p>An international meeting of experts in X-ray astronomy &#8211; AXRO 2023 &#8211; will take place in Prague from 4 to 8 December, bringing together the world&#8217;s leading capabilities in the field. One of the aims of the meeting will be to discuss the latest technologies for future X-ray satellites.<\/p>\n\n\n\n<p><a href=\"https:\/\/stel.asu.cas.cz\/cs\/2023\/12\/05\/14-rocnik-mezinarodni-konference-o-rentgenove-optice-v-astronomii\/\">More in Czech<\/a><\/p>\n\n\n\n<h4 class=\"wp-block-heading\">Contact and informations<\/h4>\n\n\n\n<ul class=\"wp-block-list\">\n<li>Conference Web page:&nbsp;<a href=\"http:\/\/www.axro.cz\/\">www.axro.cz<\/a><\/li>\n\n\n\n<li>prof. RNDr. Ren\u00e9 Hudec, CSc., <em>Astronomick\u00fd \u00fastav AV&nbsp;\u010cR<\/em>; Tel.: 731&nbsp;502 542; E-mail:&nbsp;<a href=\"mailto:rhudec@asu.cas.cz\">rene.hudec@asu.cas.cz<\/a>,&nbsp;<a href=\"mailto:rene.hudec@gmail.com\">rene.hudec@gmail.com<\/a><\/li>\n\n\n\n<li>Pavel Suchan; Tiskov\u00fd tajemn\u00edk Astronomick\u00e9ho \u00fastavu AV&nbsp;\u010cR; Email:&nbsp;<a href=\"mailto:suchan@astro.cz\">suchan@astro.cz<\/a>; Tel: 737&nbsp;322&nbsp;815<\/li>\n\n\n\n<li>Press release (<a rel=\"noreferrer noopener\" href=\"https:\/\/www.asu.cas.cz\/files\/articles\/2023\/02203-14-rocnik-mezinarodni-konference-o\/tz-axro-2023-final.doc\" target=\"_blank\">DOC<\/a>)<\/li>\n<\/ul>\n","protected":false},"excerpt":{"rendered":"<p>An international meeting of experts in X-ray astronomy &#8211; AXRO 2023 &#8211; will take place in Prague from 4 to 8 December, bringing together the<\/p>\n","protected":false},"author":1,"featured_media":3927,"comment_status":"closed","ping_status":"closed","sticky":false,"template":"","format":"standard","meta":{"footnotes":""},"categories":[42,41,35],"tags":[],"class_list":["post-3925","post","type-post","status-publish","format-standard","has-post-thumbnail","hentry","category-department","category-highenergy","category-news"],"_links":{"self":[{"href":"https:\/\/stel.asu.cas.cz\/en\/wp-json\/wp\/v2\/posts\/3925","targetHints":{"allow":["GET"]}}],"collection":[{"href":"https:\/\/stel.asu.cas.cz\/en\/wp-json\/wp\/v2\/posts"}],"about":[{"href":"https:\/\/stel.asu.cas.cz\/en\/wp-json\/wp\/v2\/types\/post"}],"author":[{"embeddable":true,"href":"https:\/\/stel.asu.cas.cz\/en\/wp-json\/wp\/v2\/users\/1"}],"replies":[{"embeddable":true,"href":"https:\/\/stel.asu.cas.cz\/en\/wp-json\/wp\/v2\/comments?post=3925"}],"version-history":[{"count":3,"href":"https:\/\/stel.asu.cas.cz\/en\/wp-json\/wp\/v2\/posts\/3925\/revisions"}],"predecessor-version":[{"id":4233,"href":"https:\/\/stel.asu.cas.cz\/en\/wp-json\/wp\/v2\/posts\/3925\/revisions\/4233"}],"wp:featuredmedia":[{"embeddable":true,"href":"https:\/\/stel.asu.cas.cz\/en\/wp-json\/wp\/v2\/media\/3927"}],"wp:attachment":[{"href":"https:\/\/stel.asu.cas.cz\/en\/wp-json\/wp\/v2\/media?parent=3925"}],"wp:term":[{"taxonomy":"category","embeddable":true,"href":"https:\/\/stel.asu.cas.cz\/en\/wp-json\/wp\/v2\/categories?post=3925"},{"taxonomy":"post_tag","embeddable":true,"href":"https:\/\/stel.asu.cas.cz\/en\/wp-json\/wp\/v2\/tags?post=3925"}],"curies":[{"name":"wp","href":"https:\/\/api.w.org\/{rel}","templated":true}]}}